{"id":168953,"date":"2019-02-11T15:35:54","date_gmt":"2019-02-11T17:35:54","guid":{"rendered":"https:\/\/www.redenoticia.com.br\/noticia\/?p=168953"},"modified":"2019-02-11T18:00:20","modified_gmt":"2019-02-11T20:00:20","slug":"resumo-novela-cordel-encantado-12-02-jesuino-quer-formar-um-exercito-para-derrotar-timoteo","status":"publish","type":"post","link":"https:\/\/migracao.redenoticia.com.br\/noticia\/2019\/resumo-novela-cordel-encantado-12-02-jesuino-quer-formar-um-exercito-para-derrotar-timoteo\/168953","title":{"rendered":"Resumo novela \u201cCordel Encantado\u201d 12\/02: Jesu\u00edno decide formar um bando"},"content":{"rendered":"<p><img loading=\"lazy\" decoding=\"async\" class=\"aligncenter size-large wp-image-165214\" src=\"https:\/\/migracao.redenoticia.com.br\/noticia\/imagens\/cordel-004-319x300.jpg\" alt=\"\" width=\"319\" height=\"300\" srcset=\"https:\/\/migracao.redenoticia.com.br\/noticia\/imagens\/cordel-004-319x300.jpg 319w, https:\/\/migracao.redenoticia.com.br\/noticia\/imagens\/cordel-004-199x187.jpg 199w, https:\/\/migracao.redenoticia.com.br\/noticia\/imagens\/cordel-004-150x141.jpg 150w, https:\/\/migracao.redenoticia.com.br\/noticia\/imagens\/cordel-004.jpg 669w, https:\/\/migracao.redenoticia.com.br\/noticia\/imagens\/cordel-004-560x527.jpg 560w\" sizes=\"auto, (max-width: 319px) 100vw, 319px\" \/><strong><em>Resumo novela \u201cCordel Encantado\u201d 12\/02 <\/em><\/strong>: no cap\u00edtulo 021(*) da novela, resumo de ter\u00e7a-feira, 12 de fevereiro, Bator\u00e9 \u00e9 avisado sobre o sumi\u00e7o de Pen\u00e9lope. Herculano continua o treinamento com C\u00edcero. Migu\u00e9zim afirma que A\u00e7ucena precisa de prote\u00e7\u00e3o contra Tim\u00f3teo. \u00darsula e Nicolau lembram-se do que fizeram com o duque e se divertem. Petrus se esconde na sala de proje\u00e7\u00e3o. Florinda vai ao cinema com Rosa. Dora e Felipe decidem sair para cavalgar. A\u00e7ucena conversa com Augusto e pede que ele a compreenda. Felipe cai do cavalo. Farid se apavora ao saber que Pen\u00e9lope est\u00e1 com os cangaceiros. Tim\u00f3teo expulsa Am\u00e1lia de sua fazenda por ela ter ajudado Migu\u00e9zim e provoca a ira de Jesu\u00edno.<\/p>\n<p>Migu\u00e9zim acalma Jesu\u00edno e lembra que ele precisa de um ex\u00e9rcito para derrotar Tim\u00f3teo. Florinda esquece seu xale na sala de proje\u00e7\u00e3o e Petrus fica com ele. Farid sai apressado com Fil\u00f3 e inventa uma desculpa para Bartira, deixando Salim desconfiado. Tim\u00f3teo nomeia Tibungo seu administrador e avisa que as leis na fazenda ir\u00e3o mudar.<\/p>\n<p>Jesu\u00edno convence os empregados da fazenda a se unir a ele contra o novo coronel. Migu\u00e9zim fica perturbado por n\u00e3o conseguir ver o rosto do rei que ir\u00e1 salvar o sert\u00e3o. In\u00e1cio consegue falar com Ant\u00f4nia. Farid pergunta a Bator\u00e9 sobre as buscas a Pen\u00e9lope. Neusa compra ervas para engravidar. Herculano manda C\u00edcero ca\u00e7ar comida para o bando.<\/p>\n<p>(*) edi\u00e7\u00e3o da Rede Globo, Novela \u201cCordel Encantado\u201d, sujeito a altera\u00e7\u00e3o de data e conte\u00fado.<\/p>\n<p>Sinopse \u201cCordel Encantado\u201d: Vendo o marido muito ferido, depois de mais uma terr\u00edvel batalha, a rainha Helena (Mariana Lima) vai ao castelo inimigo amaldi\u00e7oar toda a fam\u00edlia do rei Augusto. Faz isso gr\u00e1vida de In\u00e1cio (Maur\u00edcio Destri) e acompanhada de seu filho mais velho, Felipe (Jayme Matarazzo). O monarca se comove com a dor de Helena e, por sugest\u00e3o de Cristina, prop\u00f5e um acordo a Teobaldo, ferido mortalmente: seus primog\u00eanitos Aurora e Felipe devem se casar quando atingirem a maior idade, unificando e trazendo paz aos dois estados. Teobaldo aceita o acordo e morre logo depois. As duas crian\u00e7as s\u00e3o apresentadas publicamente como os futuros reis de Ser\u00e1fia.<\/p>\n<p>Seguindo a interpreta\u00e7\u00e3o on\u00edrica feita por Amadeus, uma longa viagem come\u00e7a a ser planejada. Zen\u00f3bio Alfredo (Guilherme Fontes), bot\u00e2nico de Ser\u00e1fia do Norte, que estava no Brasil envolvido com pesquisas cient\u00edficas, traz ao rei not\u00edcias de um tesouro, escondido em terras tropicais pelo fundador do reino, Dom Serafim. O bot\u00e2nico sugere que o rei financie uma expedi\u00e7\u00e3o a Brogod\u00f3, e Augusto, amante das ci\u00eancias e das aventuras, n\u00e3o s\u00f3 concorda com a ideia como faz quest\u00e3o de liderar a empreitada. O rei s\u00f3 n\u00e3o contava que sua esposa, a rainha Cristina, resolveria acompanh\u00e1-lo, levando consigo a pequena Aurora.<\/p>\n","protected":false},"excerpt":{"rendered":"<p>Resumo novela \u201cCordel Encantado\u201d 12\/02 : no cap\u00edtulo 021(*) da novela, resumo de ter\u00e7a-feira, 12 de fevereiro, Bator\u00e9 \u00e9 avisado sobre o sumi\u00e7o de Pen\u00e9lope. Herculano continua o treinamento com C\u00edcero. Migu\u00e9zim afirma que A\u00e7ucena precisa de prote\u00e7\u00e3o contra Tim\u00f3teo. \u00darsula e Nicolau lembram-se do que fizeram com o duque e se divertem. Petrus se [&hellip;]<\/p>\n","protected":false},"author":4,"featured_media":165215,"comment_status":"open","ping_status":"closed","sticky":false,"template":"","format":"standard","meta":{"tdm_status":"","tdm_grid_status":"","footnotes":""},"categories":[535,379,375,343],"tags":[441],"class_list":{"0":"post-168953","1":"post","2":"type-post","3":"status-publish","4":"format-standard","5":"has-post-thumbnail","7":"category-cordel-encantado","8":"category-novelas","9":"category-rede-globo","10":"category-televisao","11":"tag-resumo-do-dia"},"_links":{"self":[{"href":"https:\/\/migracao.redenoticia.com.br\/noticia\/wp-json\/wp\/v2\/posts\/168953","targetHints":{"allow":["GET"]}}],"collection":[{"href":"https:\/\/migracao.redenoticia.com.br\/noticia\/wp-json\/wp\/v2\/posts"}],"about":[{"href":"https:\/\/migracao.redenoticia.com.br\/noticia\/wp-json\/wp\/v2\/types\/post"}],"author":[{"embeddable":true,"href":"https:\/\/migracao.redenoticia.com.br\/noticia\/wp-json\/wp\/v2\/users\/4"}],"replies":[{"embeddable":true,"href":"https:\/\/migracao.redenoticia.com.br\/noticia\/wp-json\/wp\/v2\/comments?post=168953"}],"version-history":[{"count":0,"href":"https:\/\/migracao.redenoticia.com.br\/noticia\/wp-json\/wp\/v2\/posts\/168953\/revisions"}],"wp:featuredmedia":[{"embeddable":true,"href":"https:\/\/migracao.redenoticia.com.br\/noticia\/wp-json\/wp\/v2\/media\/165215"}],"wp:attachment":[{"href":"https:\/\/migracao.redenoticia.com.br\/noticia\/wp-json\/wp\/v2\/media?parent=168953"}],"wp:term":[{"taxonomy":"category","embeddable":true,"href":"https:\/\/migracao.redenoticia.com.br\/noticia\/wp-json\/wp\/v2\/categories?post=168953"},{"taxonomy":"post_tag","embeddable":true,"href":"https:\/\/migracao.redenoticia.com.br\/noticia\/wp-json\/wp\/v2\/tags?post=168953"}],"curies":[{"name":"wp","href":"https:\/\/api.w.org\/{rel}","templated":true}]}}