{"id":169025,"date":"2019-02-12T15:58:20","date_gmt":"2019-02-12T17:58:20","guid":{"rendered":"https:\/\/www.redenoticia.com.br\/noticia\/?p=169025"},"modified":"2019-02-12T16:32:48","modified_gmt":"2019-02-12T18:32:48","slug":"resumo-novela-as-aventuras-de-poliana-13-02-a-chapa-contente-esta-fora-da-eleicao-do-gremio","status":"publish","type":"post","link":"https:\/\/migracao.redenoticia.com.br\/noticia\/2019\/resumo-novela-as-aventuras-de-poliana-13-02-a-chapa-contente-esta-fora-da-eleicao-do-gremio\/169025","title":{"rendered":"Resumo novela \u201cAs Aventuras de Poliana\u201d 13\/02: A chapa Contente fora da elei\u00e7\u00e3o"},"content":{"rendered":"<p><strong><em><img loading=\"lazy\" decoding=\"async\" class=\"aligncenter size-large wp-image-148662\" src=\"https:\/\/migracao.redenoticia.com.br\/noticia\/imagens\/as-aventuras-de-poliana-novela-400x267.jpg\" alt=\"\" width=\"400\" height=\"267\" srcset=\"https:\/\/migracao.redenoticia.com.br\/noticia\/imagens\/as-aventuras-de-poliana-novela-400x267.jpg 400w, https:\/\/migracao.redenoticia.com.br\/noticia\/imagens\/as-aventuras-de-poliana-novela-250x167.jpg 250w, https:\/\/migracao.redenoticia.com.br\/noticia\/imagens\/as-aventuras-de-poliana-novela-150x100.jpg 150w, https:\/\/migracao.redenoticia.com.br\/noticia\/imagens\/as-aventuras-de-poliana-novela.jpg 600w\" sizes=\"auto, (max-width: 400px) 100vw, 400px\" \/>Resumo novela \u201cAs Aventuras de Poliana\u201d 13\/02 <\/em><\/strong>: no cap\u00edtulo 196(*) da novela, resumo de quarta-feira, 13 de fevereiro, Arlete, aos berros, pressiona Lindomar para saber onde \u00e9 que ele comprou o anel roubado. Ela completa dizendo a Lindomar que os dois ir\u00e3o esconder a joia, em vez de devolv\u00ea-la. Jo\u00e3o procura Poliana para conversar, mas, ao v\u00ea-la com Bento, desiste. D\u00e9bora procura Afonso no a\u00e7ougue e conta sobre a presen\u00e7a de Lu\u00edsa no Jantar. Hugo mostra o v\u00eddeo de Paola para toda a sala, e a menina sai correndo, envergonhada. \u00c9ric procura Paola, que est\u00e1 chorando no corredor.<\/p>\n<p>Bento faz uma apresenta\u00e7\u00e3o de piano na aula de m\u00fasica, e Jo\u00e3o fica incomodado. D\u00e9bora leva um caf\u00e9 e um lanche para Gl\u00f3ria na galeria, e deixa a sogra desconfiada com tamanha gentileza, dizendo que \u201cn\u00e3o acredita que as pessoas mudem assim, de uma hora para outra\u201d. Bento \u00e9 muito elogiado por sua m\u00fasica e Jo\u00e3o decide se apresentar tamb\u00e9m, cantando o cl\u00e1ssico Asa Branca com a ajuda de Guilherme e Jefferson. A sala de aula inteira canta e dan\u00e7a junto com os meninos.<\/p>\n<p>Iuri confronta Salvador sobre ele estar incomodando Sophie. Ruth diz que, enquanto n\u00e3o for provado que os votos n\u00e3o foram forjados, a chapa Contente est\u00e1 fora da elei\u00e7\u00e3o do gr\u00eamio. Iuri aconselha Marcelo para que ele deixe D\u00e9bora e lute por seu verdadeiro amor. Ant\u00f4nio pergunta para Lu\u00edsa se ela realmente gosta de Afonso, deixando-a pensativa. A chapa Universo Jovem comemora a desclassifica\u00e7\u00e3o da chapa Contente. Jo\u00e3o, bravo, desconfia que algum plano tenha sido armado.<\/p>\n<p>(*) edi\u00e7\u00e3o do SBT, Novela \u201cAs Aventuras de Poliana\u201d, sujeito a altera\u00e7\u00e3o de data e conte\u00fado.<\/p>\n<p>Poliana \u00e9 uma menina extrovertida e de bom cora\u00e7\u00e3o que viajava o Brasil com seus pais, Lorenzo e Alice, no grupo circense Trupe Vagalume. Aos onze anos a garota v\u00ea seu mundo desabar quando seus pais falecem e ela tem que ir morar em S\u00e3o Paulo com sua tia Lu\u00edsa, uma mulher rica e severa, a qual ela n\u00e3o conhecia e que n\u00e3o queria cuidar dela, embora sinta que \u00e9 sua obriga\u00e7\u00e3o pela alma de sua irm\u00e3. Apesar do jeito da rigidez da tia, Poliana decide ter uma vis\u00e3o positiva e inabal\u00e1vel da vida, mesmo nos momentos de dificuldade, tentando levar um pouco de felicidade para a vida de cada um dos seus novos amigos e vizinhos, como o Sr. Pendleton, um homem rico e infeliz por nunca ter tido filhos. Ela vai estudar no col\u00e9gio de Ruth, uma diretora de bom cora\u00e7\u00e3o que a ajuda a se adaptar, mas tem que lidar com as vilanias de Mirela, garota mais velha que n\u00e3o aceita perder a popularidade para uma novata.<\/p>\n","protected":false},"excerpt":{"rendered":"<p>Resumo novela \u201cAs Aventuras de Poliana\u201d 13\/02 : no cap\u00edtulo 196(*) da novela, resumo de quarta-feira, 13 de fevereiro, Arlete, aos berros, pressiona Lindomar para saber onde \u00e9 que ele comprou o anel roubado. Ela completa dizendo a Lindomar que os dois ir\u00e3o esconder a joia, em vez de devolv\u00ea-la. Jo\u00e3o procura Poliana para conversar, [&hellip;]<\/p>\n","protected":false},"author":4,"featured_media":148663,"comment_status":"open","ping_status":"closed","sticky":false,"template":"","format":"standard","meta":{"tdm_status":"","tdm_grid_status":"","footnotes":""},"categories":[477,379,372,343],"tags":[441],"class_list":{"0":"post-169025","1":"post","2":"type-post","3":"status-publish","4":"format-standard","5":"has-post-thumbnail","7":"category-as-aventuras-de-poliana","8":"category-novelas","9":"category-sbt","10":"category-televisao","11":"tag-resumo-do-dia"},"_links":{"self":[{"href":"https:\/\/migracao.redenoticia.com.br\/noticia\/wp-json\/wp\/v2\/posts\/169025","targetHints":{"allow":["GET"]}}],"collection":[{"href":"https:\/\/migracao.redenoticia.com.br\/noticia\/wp-json\/wp\/v2\/posts"}],"about":[{"href":"https:\/\/migracao.redenoticia.com.br\/noticia\/wp-json\/wp\/v2\/types\/post"}],"author":[{"embeddable":true,"href":"https:\/\/migracao.redenoticia.com.br\/noticia\/wp-json\/wp\/v2\/users\/4"}],"replies":[{"embeddable":true,"href":"https:\/\/migracao.redenoticia.com.br\/noticia\/wp-json\/wp\/v2\/comments?post=169025"}],"version-history":[{"count":0,"href":"https:\/\/migracao.redenoticia.com.br\/noticia\/wp-json\/wp\/v2\/posts\/169025\/revisions"}],"wp:featuredmedia":[{"embeddable":true,"href":"https:\/\/migracao.redenoticia.com.br\/noticia\/wp-json\/wp\/v2\/media\/148663"}],"wp:attachment":[{"href":"https:\/\/migracao.redenoticia.com.br\/noticia\/wp-json\/wp\/v2\/media?parent=169025"}],"wp:term":[{"taxonomy":"category","embeddable":true,"href":"https:\/\/migracao.redenoticia.com.br\/noticia\/wp-json\/wp\/v2\/categories?post=169025"},{"taxonomy":"post_tag","embeddable":true,"href":"https:\/\/migracao.redenoticia.com.br\/noticia\/wp-json\/wp\/v2\/tags?post=169025"}],"curies":[{"name":"wp","href":"https:\/\/api.w.org\/{rel}","templated":true}]}}