{"id":169156,"date":"2019-02-13T15:22:50","date_gmt":"2019-02-13T17:22:50","guid":{"rendered":"https:\/\/www.redenoticia.com.br\/noticia\/?p=169156"},"modified":"2019-02-13T15:22:53","modified_gmt":"2019-02-13T17:22:53","slug":"resumo-novela-cordel-encantado-14-02-herculano-descobre-que-jesuino-e-o-chefe-dos-justiceiros","status":"publish","type":"post","link":"https:\/\/migracao.redenoticia.com.br\/noticia\/2019\/resumo-novela-cordel-encantado-14-02-herculano-descobre-que-jesuino-e-o-chefe-dos-justiceiros\/169156","title":{"rendered":"Resumo novela \u201cCordel Encantado\u201d 14\/02: Herculano descobre que Jesu\u00edno \u00e9 o chefe dos justiceiros"},"content":{"rendered":"<p><img loading=\"lazy\" decoding=\"async\" class=\"aligncenter size-large wp-image-165214\" src=\"https:\/\/migracao.redenoticia.com.br\/noticia\/imagens\/cordel-004-319x300.jpg\" alt=\"\" width=\"319\" height=\"300\" srcset=\"https:\/\/migracao.redenoticia.com.br\/noticia\/imagens\/cordel-004-319x300.jpg 319w, https:\/\/migracao.redenoticia.com.br\/noticia\/imagens\/cordel-004-199x187.jpg 199w, https:\/\/migracao.redenoticia.com.br\/noticia\/imagens\/cordel-004-150x141.jpg 150w, https:\/\/migracao.redenoticia.com.br\/noticia\/imagens\/cordel-004.jpg 669w, https:\/\/migracao.redenoticia.com.br\/noticia\/imagens\/cordel-004-560x527.jpg 560w\" sizes=\"auto, (max-width: 319px) 100vw, 319px\" \/><strong><em>Resumo novela \u201cCordel Encantado\u201d 14\/02 <\/em><\/strong>: no cap\u00edtulo 023(*) da novela, resumo de quinta-feira, 14 de fevereiro, Fub\u00e1 tenta convencer Jesu\u00edno a aceit\u00e1-la em seu bando, mas teme ser reconhecida. Tim\u00f3teo interroga os colonos para saber quem s\u00e3o os justiceiros que lhe roubaram. In\u00e1cio leva um m\u00e9dico para atender Ant\u00f4nia. Jesu\u00edno aceita Fub\u00e1 como integrante do bando. Tim\u00f3teo amea\u00e7a Ant\u00f4nia, mas Benvinda a defende. Farid se despede dos filhos e de Bartira. Jesu\u00edno e seu bando libertam os colonos.<\/p>\n<p>Jesu\u00edno abra\u00e7a Fub\u00e1. Pen\u00e9lope tira fotos dos cangaceiros. Herculano parte com Z\u00f3io-Furado, Bel e Garniz\u00e9 atr\u00e1s do bando de Jesu\u00edno. In\u00e1cio garante a Felipe que salvar\u00e1 Ant\u00f4nia de Tim\u00f3teo. Os colonos pedem as contas para Tim\u00f3teo. C\u00edcero conversa com Virtuosa e Euz\u00e9bio. Herculano descobre que Jesu\u00edno \u00e9 o chefe dos justiceiros. Herculano amea\u00e7a Jesu\u00edno para que ele aceite entrar para o canga\u00e7o. C\u00edcero se despede dos pais e Virtuosa se desespera. Tim\u00f3teo enfrenta os colonos, que n\u00e3o se intimidam. Felipe pergunta para Dora onde ela esteve. Tim\u00f3teo recebe uma intima\u00e7\u00e3o para comparecer \u00e0 delegacia de Formosura com Ant\u00f4nia.<\/p>\n<p>(*) edi\u00e7\u00e3o da Rede Globo, Novela \u201cCordel Encantado\u201d, sujeito a altera\u00e7\u00e3o de data e conte\u00fado.<\/p>\n<p>Sinopse \u201cCordel Encantado\u201d: Vendo o marido muito ferido, depois de mais uma terr\u00edvel batalha, a rainha Helena (Mariana Lima) vai ao castelo inimigo amaldi\u00e7oar toda a fam\u00edlia do rei Augusto. Faz isso gr\u00e1vida de In\u00e1cio (Maur\u00edcio Destri) e acompanhada de seu filho mais velho, Felipe (Jayme Matarazzo). O monarca se comove com a dor de Helena e, por sugest\u00e3o de Cristina, prop\u00f5e um acordo a Teobaldo, ferido mortalmente: seus primog\u00eanitos Aurora e Felipe devem se casar quando atingirem a maior idade, unificando e trazendo paz aos dois estados. Teobaldo aceita o acordo e morre logo depois. As duas crian\u00e7as s\u00e3o apresentadas publicamente como os futuros reis de Ser\u00e1fia.<\/p>\n<p>Seguindo a interpreta\u00e7\u00e3o on\u00edrica feita por Amadeus, uma longa viagem come\u00e7a a ser planejada. Zen\u00f3bio Alfredo (Guilherme Fontes), bot\u00e2nico de Ser\u00e1fia do Norte, que estava no Brasil envolvido com pesquisas cient\u00edficas, traz ao rei not\u00edcias de um tesouro, escondido em terras tropicais pelo fundador do reino, Dom Serafim. O bot\u00e2nico sugere que o rei financie uma expedi\u00e7\u00e3o a Brogod\u00f3, e Augusto, amante das ci\u00eancias e das aventuras, n\u00e3o s\u00f3 concorda com a ideia como faz quest\u00e3o de liderar a empreitada. O rei s\u00f3 n\u00e3o contava que sua esposa, a rainha Cristina, resolveria acompanh\u00e1-lo, levando consigo a pequena Aurora.<\/p>\n","protected":false},"excerpt":{"rendered":"<p>Resumo novela \u201cCordel Encantado\u201d 14\/02 : no cap\u00edtulo 023(*) da novela, resumo de quinta-feira, 14 de fevereiro, Fub\u00e1 tenta convencer Jesu\u00edno a aceit\u00e1-la em seu bando, mas teme ser reconhecida. Tim\u00f3teo interroga os colonos para saber quem s\u00e3o os justiceiros que lhe roubaram. In\u00e1cio leva um m\u00e9dico para atender Ant\u00f4nia. Jesu\u00edno aceita Fub\u00e1 como integrante [&hellip;]<\/p>\n","protected":false},"author":4,"featured_media":165215,"comment_status":"open","ping_status":"closed","sticky":false,"template":"","format":"standard","meta":{"tdm_status":"","tdm_grid_status":"","footnotes":""},"categories":[535,379,375,343],"tags":[441],"class_list":{"0":"post-169156","1":"post","2":"type-post","3":"status-publish","4":"format-standard","5":"has-post-thumbnail","7":"category-cordel-encantado","8":"category-novelas","9":"category-rede-globo","10":"category-televisao","11":"tag-resumo-do-dia"},"_links":{"self":[{"href":"https:\/\/migracao.redenoticia.com.br\/noticia\/wp-json\/wp\/v2\/posts\/169156","targetHints":{"allow":["GET"]}}],"collection":[{"href":"https:\/\/migracao.redenoticia.com.br\/noticia\/wp-json\/wp\/v2\/posts"}],"about":[{"href":"https:\/\/migracao.redenoticia.com.br\/noticia\/wp-json\/wp\/v2\/types\/post"}],"author":[{"embeddable":true,"href":"https:\/\/migracao.redenoticia.com.br\/noticia\/wp-json\/wp\/v2\/users\/4"}],"replies":[{"embeddable":true,"href":"https:\/\/migracao.redenoticia.com.br\/noticia\/wp-json\/wp\/v2\/comments?post=169156"}],"version-history":[{"count":0,"href":"https:\/\/migracao.redenoticia.com.br\/noticia\/wp-json\/wp\/v2\/posts\/169156\/revisions"}],"wp:featuredmedia":[{"embeddable":true,"href":"https:\/\/migracao.redenoticia.com.br\/noticia\/wp-json\/wp\/v2\/media\/165215"}],"wp:attachment":[{"href":"https:\/\/migracao.redenoticia.com.br\/noticia\/wp-json\/wp\/v2\/media?parent=169156"}],"wp:term":[{"taxonomy":"category","embeddable":true,"href":"https:\/\/migracao.redenoticia.com.br\/noticia\/wp-json\/wp\/v2\/categories?post=169156"},{"taxonomy":"post_tag","embeddable":true,"href":"https:\/\/migracao.redenoticia.com.br\/noticia\/wp-json\/wp\/v2\/tags?post=169156"}],"curies":[{"name":"wp","href":"https:\/\/api.w.org\/{rel}","templated":true}]}}