{"id":1692,"date":"2009-05-16T16:23:34","date_gmt":"2009-05-16T20:23:34","guid":{"rendered":"http:\/\/www.redenoticia.com.br\/noticia\/?p=1692"},"modified":"2009-05-16T16:23:34","modified_gmt":"2009-05-16T20:23:34","slug":"partido-que-eleger-30-de-mulheres-recebera-mais-recursos","status":"publish","type":"post","link":"https:\/\/migracao.redenoticia.com.br\/noticia\/2009\/partido-que-eleger-30-de-mulheres-recebera-mais-recursos\/1692","title":{"rendered":"Partido que eleger 30% de mulheres receber\u00e1 mais recursos"},"content":{"rendered":"<p><span style=\"font-family: Arial;\"><a href=\"https:\/\/migracao.redenoticia.com.br\/noticia\/imagens\/\/mulher.jpg\"><img loading=\"lazy\" decoding=\"async\" class=\"alignleft size-medium wp-image-1691\" title=\"mulher\" src=\"https:\/\/migracao.redenoticia.com.br\/noticia\/imagens\/\/mulher-249x187.jpg\" alt=\"mulher\" width=\"249\" height=\"187\" \/><\/a>A Comiss\u00e3o de Constitui\u00e7\u00e3o e Justi\u00e7a e de Cidadania aprovou na quinta-feira (14) o Projeto de Lei 3563\/08, da deputada \u00cdris de Ara\u00fajo (PMDB-GO), que destina 10% dos recursos do <strong><span style=\"color: windowtext;\">Fundo Partid\u00e1rio<\/span><\/strong> para partidos que elegerem pelo menos 30% de mulheres para a C\u00e2mara. Ou seja, do total de deputados federais eleitos pelo partido, 30% dever\u00e3o ser mulheres, para que o partido entre na partilha desses 10% do Fundo Partid\u00e1rio. A proposta altera a Lei dos Partidos Pol\u00edticos (9.096\/95).<\/p>\n<p>A relatora, deputada Sandra Rosado (PSB-RN), que deu parecer favor\u00e1vel, afirma que o projeto representa um &#8220;novo passo na dire\u00e7\u00e3o de oferecer \u00e0s mulheres mais espa\u00e7o de poder pol\u00edtico&#8221;. A relatora concorda com a autora quando observa que \u00e9 insuficiente a cota de g\u00eanero de 30% das vagas de candidatos nas elei\u00e7\u00f5es proporcionais, j\u00e1 garantida pela lei.<\/p>\n<p><strong>Forma de distribui\u00e7\u00e3o<\/strong><br \/>\nAtualmente, 95% do Fundo Partid\u00e1rio s\u00e3o distribu\u00eddos aos partidos na propor\u00e7\u00e3o dos votos obtidos na \u00faltima elei\u00e7\u00e3o para a C\u00e2mara dos Deputados, e os restantes 5% s\u00e3o divididos em partes iguais entre os partidos registrados no Tribunal Superior Eleitoral (TSE).<\/p>\n<p>O projeto mant\u00e9m os 5% divididos em partes iguais entre os partidos e reduz de 95% para 85% a parcela distribu\u00edda com base na propor\u00e7\u00e3o do voto. O objetivo do projeto \u00e9 estimular os partidos a capacitar e fomentar candidaturas femininas, aumentando o acesso das mulheres \u00e0 vida pol\u00edtica.<\/p>\n<p>O Brasil tem um dos piores \u00edndices de representa\u00e7\u00e3o de mulheres no poder p\u00fablico, segundo a <strong><span style=\"color: windowtext;\">Uni\u00e3o Interparlamentar<\/span><\/strong>. Entre 156 pa\u00edses, o Brasil ocupa a posi\u00e7\u00e3o de n\u00famero 108 quanto ao n\u00famero de mulheres na C\u00e2mara Federal. S\u00e3o apenas 46 deputadas no total de 513, e 11 senadoras de um total de 81, m\u00e9dia abaixo tanto da mundial como da latino-americana.<\/p>\n<p><strong>Tramita\u00e7\u00e3o<\/strong><br \/>\nO projeto tramita em regime de <strong><span style=\"color: windowtext;\">prioridade<\/span><\/strong> e segue para o Plen\u00e1rio.<\/p>\n<p><\/span><span style=\"font-family: Arial; color: windowtext;\">Ag\u00eancia C\u00e2mara<\/span><\/p>\n","protected":false},"excerpt":{"rendered":"<p>A Comiss\u00e3o de Constitui\u00e7\u00e3o e Justi\u00e7a e de Cidadania aprovou na quinta-feira (14) o Projeto de Lei 3563\/08, da deputada \u00cdris de Ara\u00fajo (PMDB-GO), que destina 10% dos recursos do Fundo Partid\u00e1rio para partidos que elegerem pelo menos 30% de mulheres para a C\u00e2mara. Ou seja, do total de deputados federais eleitos pelo partido, 30% [&hellip;]<\/p>\n","protected":false},"author":3,"featured_media":0,"comment_status":"open","ping_status":"open","sticky":false,"template":"","format":"standard","meta":{"tdm_status":"","tdm_grid_status":"","footnotes":""},"categories":[22],"tags":[],"class_list":{"0":"post-1692","1":"post","2":"type-post","3":"status-publish","4":"format-standard","6":"category-brasil"},"_links":{"self":[{"href":"https:\/\/migracao.redenoticia.com.br\/noticia\/wp-json\/wp\/v2\/posts\/1692","targetHints":{"allow":["GET"]}}],"collection":[{"href":"https:\/\/migracao.redenoticia.com.br\/noticia\/wp-json\/wp\/v2\/posts"}],"about":[{"href":"https:\/\/migracao.redenoticia.com.br\/noticia\/wp-json\/wp\/v2\/types\/post"}],"author":[{"embeddable":true,"href":"https:\/\/migracao.redenoticia.com.br\/noticia\/wp-json\/wp\/v2\/users\/3"}],"replies":[{"embeddable":true,"href":"https:\/\/migracao.redenoticia.com.br\/noticia\/wp-json\/wp\/v2\/comments?post=1692"}],"version-history":[{"count":0,"href":"https:\/\/migracao.redenoticia.com.br\/noticia\/wp-json\/wp\/v2\/posts\/1692\/revisions"}],"wp:attachment":[{"href":"https:\/\/migracao.redenoticia.com.br\/noticia\/wp-json\/wp\/v2\/media?parent=1692"}],"wp:term":[{"taxonomy":"category","embeddable":true,"href":"https:\/\/migracao.redenoticia.com.br\/noticia\/wp-json\/wp\/v2\/categories?post=1692"},{"taxonomy":"post_tag","embeddable":true,"href":"https:\/\/migracao.redenoticia.com.br\/noticia\/wp-json\/wp\/v2\/tags?post=1692"}],"curies":[{"name":"wp","href":"https:\/\/api.w.org\/{rel}","templated":true}]}}