{"id":169267,"date":"2019-02-14T00:49:26","date_gmt":"2019-02-14T02:49:26","guid":{"rendered":"https:\/\/www.redenoticia.com.br\/noticia\/?p=169267"},"modified":"2019-02-14T00:49:30","modified_gmt":"2019-02-14T02:49:30","slug":"novela-o-setimo-guardiao-olavo-assume-negocios-e-a-casa-de-valentina","status":"publish","type":"post","link":"https:\/\/migracao.redenoticia.com.br\/noticia\/2019\/novela-o-setimo-guardiao-olavo-assume-negocios-e-a-casa-de-valentina\/169267","title":{"rendered":"Novela &#8220;O S\u00e9timo Guardi\u00e3o\u201d: Olavo assume neg\u00f3cios e a casa de Valentina"},"content":{"rendered":"<p><strong><em><img loading=\"lazy\" decoding=\"async\" class=\"aligncenter size-large wp-image-159066\" src=\"https:\/\/migracao.redenoticia.com.br\/noticia\/imagens\/o-setimo-guardiao-119-301x300.jpg\" alt=\"\" width=\"301\" height=\"300\" srcset=\"https:\/\/migracao.redenoticia.com.br\/noticia\/imagens\/o-setimo-guardiao-119-301x300.jpg 301w, https:\/\/migracao.redenoticia.com.br\/noticia\/imagens\/o-setimo-guardiao-119-188x187.jpg 188w, https:\/\/migracao.redenoticia.com.br\/noticia\/imagens\/o-setimo-guardiao-119-150x150.jpg 150w, https:\/\/migracao.redenoticia.com.br\/noticia\/imagens\/o-setimo-guardiao-119.jpg 520w\" sizes=\"auto, (max-width: 301px) 100vw, 301px\" \/>Novela &#8220;O S\u00e9timo Guardi\u00e3o\u201d:<\/em><\/strong> Laura (Yanna Lavigne) sofre um acidente provocado por Valentina (Lilia Cabral) e \u00e9 levada para longe, como morta, por Sampaio. Ela se recupera e, depois de uns dias, liga para Olavo (Tony Ramos) e faz um pedido: &#8220;Enquadre de uma vez por todas essa vadia! Acabe com a Valentina! Quero que o senhor me de? o prazer de ver minha ex-sogrinha no cha?o, cai?da, estatelada&#8221;.\u00a0Valentina ouve parte da conversa.<\/p>\n<p>Olavo assume o controle dos neg\u00f3cios e, com base no contrato que fez a vil\u00e3 assinar no in\u00edcio da trama, toma a casa em que ela mora. Valentina pede conselhos a Marcos Paulo (Nanny People) e ouve: &#8220;Eu j\u00e1 te dei o meu conselho, querida. Pare de se aliar \u00e0s pessoas erradas e corra pros bra\u00e7os da pessoa certa. A fam\u00edlia \u00e9 sempre o nosso \u00faltimo porto de abrigo&#8230; Fa\u00e7a as pazes com Gabriel!&#8221;<\/p>\n<p>Ela procura Gabriel (Bruno Gagliasso): &#8220;Eu mudei de ideia sobre a fonte. Na?o quero mais explorar a a?gua milagrosa&#8230; Pelo contra?rio. O que eu quero agora e? defende?-la&#8230; Do seu lado. Junto com voce?&#8221;. Gabriel fica chocado. Cena prevista para 9 de mar\u00e7o na Novela \u201cO S\u00e9timo Guardi\u00e3o\u201d.<\/p>\n<p>Sinopse \u201cO S\u00e9timo Guardi\u00e3o\u201d: \u00c0 primeira vista, Serro Azul pode parecer apenas mais uma t\u00edpica cidade do interior, pacata e cercada por montanhas, onde avan\u00e7os tecnol\u00f3gicos como internet e telefonia celular ainda n\u00e3o chegaram. Um lugar pelo qual quem passa n\u00e3o d\u00e1 muita aten\u00e7\u00e3o, sem saber o que est\u00e1 perdendo, afinal, uma cidade que \u00e9 vizinha de Greenville e Tubiancanga n\u00e3o poderia deixar de ter suas peculiaridades. A principal delas \u00e9 uma fonte com propriedades curativas e rejuvenescedoras, que \u00e9 a parte mais externa de um gigantesco aqu\u00edfero, uma enorme reserva daquilo que a cada dia se torna o bem mais precioso da Terra: a \u00e1gua. Essa fonte \u00e9 protegida por sete guardi\u00e3es que t\u00eam como miss\u00e3o garantir que essa riqueza n\u00e3o chegue \u00e0s m\u00e3os erradas.<\/p>\n","protected":false},"excerpt":{"rendered":"<p>Novela &#8220;O S\u00e9timo Guardi\u00e3o\u201d: Laura (Yanna Lavigne) sofre um acidente provocado por Valentina (Lilia Cabral) e \u00e9 levada para longe, como morta, por Sampaio. Ela se recupera e, depois de uns dias, liga para Olavo (Tony Ramos) e faz um pedido: &#8220;Enquadre de uma vez por todas essa vadia! Acabe com a Valentina! Quero que [&hellip;]<\/p>\n","protected":false},"author":2,"featured_media":154957,"comment_status":"open","ping_status":"closed","sticky":false,"template":"","format":"standard","meta":{"tdm_status":"","tdm_grid_status":"","footnotes":""},"categories":[388,379,530,375,343],"tags":[440],"class_list":{"0":"post-169267","1":"post","2":"type-post","3":"status-publish","4":"format-standard","5":"has-post-thumbnail","7":"category-destaques","8":"category-novelas","9":"category-o-setimo-guardiao","10":"category-rede-globo","11":"category-televisao","12":"tag-noticia-novela"},"_links":{"self":[{"href":"https:\/\/migracao.redenoticia.com.br\/noticia\/wp-json\/wp\/v2\/posts\/169267","targetHints":{"allow":["GET"]}}],"collection":[{"href":"https:\/\/migracao.redenoticia.com.br\/noticia\/wp-json\/wp\/v2\/posts"}],"about":[{"href":"https:\/\/migracao.redenoticia.com.br\/noticia\/wp-json\/wp\/v2\/types\/post"}],"author":[{"embeddable":true,"href":"https:\/\/migracao.redenoticia.com.br\/noticia\/wp-json\/wp\/v2\/users\/2"}],"replies":[{"embeddable":true,"href":"https:\/\/migracao.redenoticia.com.br\/noticia\/wp-json\/wp\/v2\/comments?post=169267"}],"version-history":[{"count":0,"href":"https:\/\/migracao.redenoticia.com.br\/noticia\/wp-json\/wp\/v2\/posts\/169267\/revisions"}],"wp:featuredmedia":[{"embeddable":true,"href":"https:\/\/migracao.redenoticia.com.br\/noticia\/wp-json\/wp\/v2\/media\/154957"}],"wp:attachment":[{"href":"https:\/\/migracao.redenoticia.com.br\/noticia\/wp-json\/wp\/v2\/media?parent=169267"}],"wp:term":[{"taxonomy":"category","embeddable":true,"href":"https:\/\/migracao.redenoticia.com.br\/noticia\/wp-json\/wp\/v2\/categories?post=169267"},{"taxonomy":"post_tag","embeddable":true,"href":"https:\/\/migracao.redenoticia.com.br\/noticia\/wp-json\/wp\/v2\/tags?post=169267"}],"curies":[{"name":"wp","href":"https:\/\/api.w.org\/{rel}","templated":true}]}}