{"id":169298,"date":"2019-02-14T14:43:29","date_gmt":"2019-02-14T16:43:29","guid":{"rendered":"https:\/\/www.redenoticia.com.br\/noticia\/?p=169298"},"modified":"2019-02-14T14:43:31","modified_gmt":"2019-02-14T16:43:31","slug":"resumo-novela-cordel-encantado-15-02-herculano-quer-invadir-brogodo","status":"publish","type":"post","link":"https:\/\/migracao.redenoticia.com.br\/noticia\/2019\/resumo-novela-cordel-encantado-15-02-herculano-quer-invadir-brogodo\/169298","title":{"rendered":"Resumo novela \u201cCordel Encantado\u201d 15\/02: Herculano quer invadir Brogod\u00f3"},"content":{"rendered":"<p><img loading=\"lazy\" decoding=\"async\" class=\"aligncenter size-large wp-image-165214\" src=\"https:\/\/migracao.redenoticia.com.br\/noticia\/imagens\/cordel-004-319x300.jpg\" alt=\"\" width=\"319\" height=\"300\" srcset=\"https:\/\/migracao.redenoticia.com.br\/noticia\/imagens\/cordel-004-319x300.jpg 319w, https:\/\/migracao.redenoticia.com.br\/noticia\/imagens\/cordel-004-199x187.jpg 199w, https:\/\/migracao.redenoticia.com.br\/noticia\/imagens\/cordel-004-150x141.jpg 150w, https:\/\/migracao.redenoticia.com.br\/noticia\/imagens\/cordel-004.jpg 669w, https:\/\/migracao.redenoticia.com.br\/noticia\/imagens\/cordel-004-560x527.jpg 560w\" sizes=\"auto, (max-width: 319px) 100vw, 319px\" \/><strong><em>Resumo novela \u201cCordel Encantado\u201d 15\/02 <\/em><\/strong>: no cap\u00edtulo 024(*) da novela, resumo de sexta-feira, 15 de fevereiro, Nicolau diz a \u00darsula que ela precisa convencer o rei a deixar Brogod\u00f3. Augusto pede para Baldini investigar Jesu\u00edno e sua fam\u00edlia. Nidinho explica a Zig e Dulcina o seu plano para tirar Cec\u00edlia do pal\u00e1cio. Augusto e Baldini concordam que existe um mist\u00e9rio em torno do pai de Jesu\u00edno. A\u00e7ucena v\u00ea Fub\u00e1 e fica desconfiada. Fub\u00e1 pede para Jesu\u00edno tirar Ant\u00f4nia da fazenda e das garras de Tim\u00f3teo. Padre Joaquim avisa a Pat\u00e1cio que Herculano pretende invadir Brogod\u00f3.<\/p>\n<p>Baldini percebe o sumi\u00e7o de Cec\u00edlia e vai \u00e0 casa de Zen\u00f3bio. Rainha Helena chega a Brogod\u00f3. Ant\u00f4nia fica radiante ao saber que vai com o irm\u00e3o at\u00e9 a delegacia de Formosura. O bando de Jesu\u00edno intercepta o carro de Tim\u00f3teo para resgatar Ant\u00f4nia. O bando de Jesu\u00edno imobiliza Tim\u00f3teo e resgata Ant\u00f4nia. Genaro se veste com a capa de Petrus e finge ser o fantasma. Jesu\u00edno entrega Ant\u00f4nia para Migu\u00e9zim. Rainha Helena informa que Ser\u00e1fia foi tomada por revoltosos e o Rei Augusto se preocupa.<\/p>\n<p>Farid sofre por suas tr\u00eas mulheres. Os colonos expulsos por Tim\u00f3teo da fazenda o encontram na estrada. Nicolau entrega um bilhete com o paradeiro de Ant\u00f4nia ao jovem coronel. Migu\u00e9zim conversa com Jesu\u00edno e ele decide contar a A\u00e7ucena que \u00e9 filho de Herculano. Tim\u00f3teo tenta invadir a casa do profeta para levar sua irm\u00e3. In\u00e1cio convence Helena a aceitar seu casamento com Ant\u00f4nia e a acompanha \u00e0 fazenda do coronel. \u00darsula v\u00ea Augusto e Ces\u00e1ria se beijando. Herculano pede que seus homens se preparem para invadir Brogod\u00f3.<\/p>\n<p>(*) edi\u00e7\u00e3o da Rede Globo, Novela \u201cCordel Encantado\u201d, sujeito a altera\u00e7\u00e3o de data e conte\u00fado.<\/p>\n<p>Sinopse \u201cCordel Encantado\u201d: Vendo o marido muito ferido, depois de mais uma terr\u00edvel batalha, a rainha Helena (Mariana Lima) vai ao castelo inimigo amaldi\u00e7oar toda a fam\u00edlia do rei Augusto. Faz isso gr\u00e1vida de In\u00e1cio (Maur\u00edcio Destri) e acompanhada de seu filho mais velho, Felipe (Jayme Matarazzo). O monarca se comove com a dor de Helena e, por sugest\u00e3o de Cristina, prop\u00f5e um acordo a Teobaldo, ferido mortalmente: seus primog\u00eanitos Aurora e Felipe devem se casar quando atingirem a maior idade, unificando e trazendo paz aos dois estados. Teobaldo aceita o acordo e morre logo depois. As duas crian\u00e7as s\u00e3o apresentadas publicamente como os futuros reis de Ser\u00e1fia.<\/p>\n<p>Seguindo a interpreta\u00e7\u00e3o on\u00edrica feita por Amadeus, uma longa viagem come\u00e7a a ser planejada. Zen\u00f3bio Alfredo (Guilherme Fontes), bot\u00e2nico de Ser\u00e1fia do Norte, que estava no Brasil envolvido com pesquisas cient\u00edficas, traz ao rei not\u00edcias de um tesouro, escondido em terras tropicais pelo fundador do reino, Dom Serafim. O bot\u00e2nico sugere que o rei financie uma expedi\u00e7\u00e3o a Brogod\u00f3, e Augusto, amante das ci\u00eancias e das aventuras, n\u00e3o s\u00f3 concorda com a ideia como faz quest\u00e3o de liderar a empreitada. O rei s\u00f3 n\u00e3o contava que sua esposa, a rainha Cristina, resolveria acompanh\u00e1-lo, levando consigo a pequena Aurora.<\/p>\n","protected":false},"excerpt":{"rendered":"<p>Resumo novela \u201cCordel Encantado\u201d 15\/02 : no cap\u00edtulo 024(*) da novela, resumo de sexta-feira, 15 de fevereiro, Nicolau diz a \u00darsula que ela precisa convencer o rei a deixar Brogod\u00f3. Augusto pede para Baldini investigar Jesu\u00edno e sua fam\u00edlia. Nidinho explica a Zig e Dulcina o seu plano para tirar Cec\u00edlia do pal\u00e1cio. Augusto e [&hellip;]<\/p>\n","protected":false},"author":4,"featured_media":165215,"comment_status":"open","ping_status":"closed","sticky":false,"template":"","format":"standard","meta":{"tdm_status":"","tdm_grid_status":"","footnotes":""},"categories":[535,379,375,343],"tags":[441],"class_list":{"0":"post-169298","1":"post","2":"type-post","3":"status-publish","4":"format-standard","5":"has-post-thumbnail","7":"category-cordel-encantado","8":"category-novelas","9":"category-rede-globo","10":"category-televisao","11":"tag-resumo-do-dia"},"_links":{"self":[{"href":"https:\/\/migracao.redenoticia.com.br\/noticia\/wp-json\/wp\/v2\/posts\/169298","targetHints":{"allow":["GET"]}}],"collection":[{"href":"https:\/\/migracao.redenoticia.com.br\/noticia\/wp-json\/wp\/v2\/posts"}],"about":[{"href":"https:\/\/migracao.redenoticia.com.br\/noticia\/wp-json\/wp\/v2\/types\/post"}],"author":[{"embeddable":true,"href":"https:\/\/migracao.redenoticia.com.br\/noticia\/wp-json\/wp\/v2\/users\/4"}],"replies":[{"embeddable":true,"href":"https:\/\/migracao.redenoticia.com.br\/noticia\/wp-json\/wp\/v2\/comments?post=169298"}],"version-history":[{"count":0,"href":"https:\/\/migracao.redenoticia.com.br\/noticia\/wp-json\/wp\/v2\/posts\/169298\/revisions"}],"wp:featuredmedia":[{"embeddable":true,"href":"https:\/\/migracao.redenoticia.com.br\/noticia\/wp-json\/wp\/v2\/media\/165215"}],"wp:attachment":[{"href":"https:\/\/migracao.redenoticia.com.br\/noticia\/wp-json\/wp\/v2\/media?parent=169298"}],"wp:term":[{"taxonomy":"category","embeddable":true,"href":"https:\/\/migracao.redenoticia.com.br\/noticia\/wp-json\/wp\/v2\/categories?post=169298"},{"taxonomy":"post_tag","embeddable":true,"href":"https:\/\/migracao.redenoticia.com.br\/noticia\/wp-json\/wp\/v2\/tags?post=169298"}],"curies":[{"name":"wp","href":"https:\/\/api.w.org\/{rel}","templated":true}]}}