{"id":16936,"date":"2009-11-11T14:50:12","date_gmt":"2009-11-11T18:50:12","guid":{"rendered":"http:\/\/www.redenoticia.com.br\/noticia\/?p=16936"},"modified":"2009-11-11T14:50:12","modified_gmt":"2009-11-11T18:50:12","slug":"record-estreia-preco-certo-com-apresentacao-de-juan-alba","status":"publish","type":"post","link":"https:\/\/migracao.redenoticia.com.br\/noticia\/2009\/record-estreia-preco-certo-com-apresentacao-de-juan-alba\/16936","title":{"rendered":"Record estr\u00e9ia pre\u00e7o certo com apresenta\u00e7\u00e3o de Juan Alba"},"content":{"rendered":"<p>O\u00a0<strong>Pre\u00e7o Certo<\/strong> \u00e9 um programa produzido pela <strong>Fremantle Media<\/strong>, uma das maiores empresas de cria\u00e7\u00e3o de formatos de programas de <strong>TV<\/strong> do mundo, realizado em parceria com a <strong>Record<\/strong> que entra na grade da emissora a partir do dia 16 de novembro, \u00e0s 16h, com apresenta\u00e7\u00e3o de <strong>Juan Alba e D\u00e9bora Santilli.<br \/>\n<\/strong><br \/>\nSucesso em pa\u00edses como Portugal, Estados Unidos, Fran\u00e7a, Austr\u00e1lia, Espanha, M\u00e9xico, Holanda e Inglaterra, O Pre\u00e7o Certo \u00e9 uma disputa divertida e emocionante entre participantes que julgam saber o pre\u00e7o de produtos que fazem parte do dia-a-dia dos brasileiros.<\/p>\n<p>No ar desde 1956, O Pre\u00e7o Certo virou febre nos Estados Unidos. O projeto entrou para a hist\u00f3ria como o programa mais popular e de maior longevidade da TV mundial. Em m\u00e9dia, mais de cinco milh\u00f5es de norte-americanos assistem ao show The Price Is Right diariamente. Hoje, \u00e9 o terceiro jogo mais baixado para celular em todo o pa\u00eds.<br \/>\nO Pre\u00e7o Certo \u00e9 um projeto milion\u00e1rio que, todos os dias, distribui muitos pr\u00eamios: eletrodom\u00e9sticos, eletr\u00f4nicos, m\u00f3veis, viagens e at\u00e9 um carro zero quil\u00f4metro. Pra ganhar, basta acertar ou dizer um valor aproximado, sem ultrapassar, dos produtos apresentados durante o programa.<br \/>\nPara tornar o programa muito mais din\u00e2mico e engra\u00e7ado, al\u00e9m de adivinhar os pre\u00e7os de produtos, os concorrentes participam de provas que envolvem sorte, habilidade e, claro, valores.<\/p>\n<p>Os apresentadores convidam quatro participantes da plateia a adivinhar pre\u00e7os de produtos. Destes quatro sai um finalista para tentar concorrer ao pr\u00eamio final: um carro ou uma motocicleta 0 km.<\/p>\n<p>O Pre\u00e7o Certo promete mudar a rotina das pessoas. Quem at\u00e9 hoje frequentava o com\u00e9rcio sem dar muita aten\u00e7\u00e3o aos valores das mercadorias, vai ficar mais atento para arrasar na disputa.<br \/>\nO Pre\u00e7o Certo n\u00e3o requer pr\u00e1tica, tampouco habilidade. \u00c9 maior show de pr\u00eamios da TV brasileira.<\/p>\n<p>Sobre a FremantleMedia<\/p>\n<p>A FremantleMedia \u00e9 uma das maiores produtoras internacionais de entretenimento no mundo e l\u00edder no desenvolvimento de reality shows, seriados e programas de televis\u00e3o em mais de 40 territ\u00f3rios, incluindo Reino Unido, Estados Unidos, Alemanha, Austr\u00e1lia, Fran\u00e7a, It\u00e1lia, Espanha, Portugal, Escandin\u00e1via, Am\u00e9rica Latina e \u00c1sia.<br \/>\nEspecializada na venda e na produ\u00e7\u00e3o de conte\u00fado para TV, a empresa possui mais de 9.000 horas de programa\u00e7\u00e3o e 278 s\u00e9ries\/t\u00edtulos em v\u00e1rias l\u00ednguas e formatos.<\/p>\n<p>A FremantleMedia faz parte do grupo RTL, a principal rede de entretenimento da Europa e a maior companhia de televis\u00e3o e r\u00e1dio europ\u00e9ia, com programas em 34 canais de TV e 34 esta\u00e7\u00f5es de r\u00e1dio em onze pa\u00edses europeus. Todo ano, a empresa entrega mais de 8.500 horas de programa\u00e7\u00e3o original aos radiodifusores em torno do mundo.<\/p>\n<p>O apresentador<br \/>\nJuan Alba nasceu em Campinas, interior de SP, morou no Rio de Janeiro, mas foi criado na capital do Esp\u00edrito Santo. Ator, j\u00e1 participou das novelas Os Mutantes &#8211; Caminhos do Cora\u00e7\u00e3o e Promessas de Amor, na Record. &#8220;Estou muito feliz por ter esta oportunidade de apresentar um programa que tem muito a ver comigo. \u00c9 um programa animado com a energia da plat\u00e9ia que vai contagiar o telespectador&#8221;, diz Juan Alba.<br \/>\nD\u00e9bora Santilli<\/p>\n<p>D\u00e9bora Santilli iniciou sua carreira como locutora na R\u00e1dio Metropolitana FM de S\u00e3o Paulo. Como apresentadora de TV, iniciou sua carreira no Shop Tour, primeiro e maior programa de vendas de varejo.<br \/>\nAtualmente, al\u00e9m de trabalhar no Shop Tour e apresentar o programa &#8220;Cart\u00e3o de Visita&#8221; na R\u00e1dio Record (1000kHz &#8211; AM), D\u00e9bora Santilli tamb\u00e9m \u00e9 uma das redatoras da coluna &#8220;Cart\u00e3o de Visita&#8221; publicada no site www.telehistoria.com.br.<\/p>\n","protected":false},"excerpt":{"rendered":"<p>O\u00a0Pre\u00e7o Certo \u00e9 um programa produzido pela Fremantle Media, uma das maiores empresas de cria\u00e7\u00e3o de formatos de programas de TV do mundo, realizado em parceria com a Record que entra na grade da emissora a partir do dia 16 de novembro, \u00e0s 16h, com apresenta\u00e7\u00e3o de Juan Alba e D\u00e9bora Santilli. Sucesso em pa\u00edses [&hellip;]<\/p>\n","protected":false},"author":3,"featured_media":0,"comment_status":"open","ping_status":"open","sticky":false,"template":"","format":"standard","meta":{"tdm_status":"","tdm_grid_status":"","footnotes":""},"categories":[371,343],"tags":[],"class_list":{"0":"post-16936","1":"post","2":"type-post","3":"status-publish","4":"format-standard","6":"category-rede-record","7":"category-televisao"},"_links":{"self":[{"href":"https:\/\/migracao.redenoticia.com.br\/noticia\/wp-json\/wp\/v2\/posts\/16936","targetHints":{"allow":["GET"]}}],"collection":[{"href":"https:\/\/migracao.redenoticia.com.br\/noticia\/wp-json\/wp\/v2\/posts"}],"about":[{"href":"https:\/\/migracao.redenoticia.com.br\/noticia\/wp-json\/wp\/v2\/types\/post"}],"author":[{"embeddable":true,"href":"https:\/\/migracao.redenoticia.com.br\/noticia\/wp-json\/wp\/v2\/users\/3"}],"replies":[{"embeddable":true,"href":"https:\/\/migracao.redenoticia.com.br\/noticia\/wp-json\/wp\/v2\/comments?post=16936"}],"version-history":[{"count":0,"href":"https:\/\/migracao.redenoticia.com.br\/noticia\/wp-json\/wp\/v2\/posts\/16936\/revisions"}],"wp:attachment":[{"href":"https:\/\/migracao.redenoticia.com.br\/noticia\/wp-json\/wp\/v2\/media?parent=16936"}],"wp:term":[{"taxonomy":"category","embeddable":true,"href":"https:\/\/migracao.redenoticia.com.br\/noticia\/wp-json\/wp\/v2\/categories?post=16936"},{"taxonomy":"post_tag","embeddable":true,"href":"https:\/\/migracao.redenoticia.com.br\/noticia\/wp-json\/wp\/v2\/tags?post=16936"}],"curies":[{"name":"wp","href":"https:\/\/api.w.org\/{rel}","templated":true}]}}