{"id":16940,"date":"2009-11-11T14:48:20","date_gmt":"2009-11-11T18:48:20","guid":{"rendered":"http:\/\/www.redenoticia.com.br\/noticia\/?p=16940"},"modified":"2009-11-11T14:48:20","modified_gmt":"2009-11-11T18:48:20","slug":"the-amazing-race-brasil-continua-na-disputa-com-duas-equipes","status":"publish","type":"post","link":"https:\/\/migracao.redenoticia.com.br\/noticia\/2009\/the-amazing-race-brasil-continua-na-disputa-com-duas-equipes\/16940","title":{"rendered":"The Amazing Race: Brasil continua na disputa com duas equipes"},"content":{"rendered":"<p>Neste nono epis\u00f3dio do reality de competi\u00e7\u00e3o <strong>THE AMAZING RACE NO DISCOVERY CHANNEL<\/strong>, que ir\u00e1 ao ar no domingo, 15 de novembro, \u00e0s 23h, o Brasil ser\u00e1 o \u00fanico pa\u00eds representado por duas equipes. Carlinhos &amp; Daniel e Anna &amp; Rodrigo disputam o pr\u00eamio final de US$ 250 mil ao lado dos times formados por Tamara &amp; Matias, da Argentina; Ferna &amp; Fran, do Chile; e Daniel &amp; David, da Venezuela. As mexicanas Casilda &amp; Casilda foram eliminadas na oitava etapa, disputada em Cartagena, Col\u00f4mbia, e transmitida no domingo passado (8 de novembro).<\/p>\n<p>Carlos &amp; Daniel sofreram na prova de literatura. Demoraram uma hora e meia para armar uma frase de um livro de Gabriel Garc\u00eda M\u00e1rquez e por pouco n\u00e3o ficaram de fora. J\u00e1 Anna se empanturrou de a\u00e7\u00facar na prova de degusta\u00e7\u00e3o de doces t\u00edpicos colombianos. Para distrair-se, numa rea\u00e7\u00e3o simp\u00e1tica ao p\u00fablico que a apoiava, come\u00e7ou a dan\u00e7ar. Casilda filha n\u00e3o conseguiu manter o bom humor ao realizar esta mesma tarefa. Desistiu da prova aos prantos, sabendo que isso lhe custaria a elimina\u00e7\u00e3o da corrida.<\/p>\n<p>A oitava etapa foi vencida por Ferna &amp; Fran. Foi a segunda vez que as chilenas chegaram \u00e0 uma parada final em primeiro lugar. Ela foram recebidas pelo apresentador Harris Whitbeck no pit stop montado no Castelo de San Felipe de Barajas, em Cartagena. Os argentinos Tamara &amp; Matias chegaram em segundo lugar, seguidos de Daniel &amp; David, da Venezuela.<\/p>\n<p>A seguir, o ranking de largada da nona etapa, com estreia neste domingo, \u00e0s 23h:<\/p>\n<p>Ferna &amp; Fran (Chile)<br \/>\nTamara &amp; Matias (Argentina)<br \/>\nDaniel &amp; David (Venezuela)<br \/>\nAnna &amp; Rodrigo (Brasil)<br \/>\nCarlos &amp; Daniel (Brasil)<\/p>\n<p>A s\u00e9rie THE AMAZING RACE NO DISCOVERY CHANNEL estreou no dia 20 de setembro e \u00e9 dividida em 13 epis\u00f3dios. A equipe que vencer a competi\u00e7\u00e3o ganhar\u00e1 US$ 250 mil. Para mais informa\u00e7\u00f5es, visite o site discoverybrasil.com\/race.<\/p>\n","protected":false},"excerpt":{"rendered":"<p>Neste nono epis\u00f3dio do reality de competi\u00e7\u00e3o THE AMAZING RACE NO DISCOVERY CHANNEL, que ir\u00e1 ao ar no domingo, 15 de novembro, \u00e0s 23h, o Brasil ser\u00e1 o \u00fanico pa\u00eds representado por duas equipes. Carlinhos &amp; Daniel e Anna &amp; Rodrigo disputam o pr\u00eamio final de US$ 250 mil ao lado dos times formados por [&hellip;]<\/p>\n","protected":false},"author":3,"featured_media":0,"comment_status":"open","ping_status":"open","sticky":false,"template":"","format":"standard","meta":{"tdm_status":"","tdm_grid_status":"","footnotes":""},"categories":[343],"tags":[],"class_list":{"0":"post-16940","1":"post","2":"type-post","3":"status-publish","4":"format-standard","6":"category-televisao"},"_links":{"self":[{"href":"https:\/\/migracao.redenoticia.com.br\/noticia\/wp-json\/wp\/v2\/posts\/16940","targetHints":{"allow":["GET"]}}],"collection":[{"href":"https:\/\/migracao.redenoticia.com.br\/noticia\/wp-json\/wp\/v2\/posts"}],"about":[{"href":"https:\/\/migracao.redenoticia.com.br\/noticia\/wp-json\/wp\/v2\/types\/post"}],"author":[{"embeddable":true,"href":"https:\/\/migracao.redenoticia.com.br\/noticia\/wp-json\/wp\/v2\/users\/3"}],"replies":[{"embeddable":true,"href":"https:\/\/migracao.redenoticia.com.br\/noticia\/wp-json\/wp\/v2\/comments?post=16940"}],"version-history":[{"count":0,"href":"https:\/\/migracao.redenoticia.com.br\/noticia\/wp-json\/wp\/v2\/posts\/16940\/revisions"}],"wp:attachment":[{"href":"https:\/\/migracao.redenoticia.com.br\/noticia\/wp-json\/wp\/v2\/media?parent=16940"}],"wp:term":[{"taxonomy":"category","embeddable":true,"href":"https:\/\/migracao.redenoticia.com.br\/noticia\/wp-json\/wp\/v2\/categories?post=16940"},{"taxonomy":"post_tag","embeddable":true,"href":"https:\/\/migracao.redenoticia.com.br\/noticia\/wp-json\/wp\/v2\/tags?post=16940"}],"curies":[{"name":"wp","href":"https:\/\/api.w.org\/{rel}","templated":true}]}}