{"id":16943,"date":"2009-11-11T14:52:35","date_gmt":"2009-11-11T18:52:35","guid":{"rendered":"http:\/\/www.redenoticia.com.br\/noticia\/?p=16943"},"modified":"2009-11-11T14:52:35","modified_gmt":"2009-11-11T18:52:35","slug":"tv-cultura-homenageia-heitor-villa-lobos-em-diversos-programas","status":"publish","type":"post","link":"https:\/\/migracao.redenoticia.com.br\/noticia\/2009\/tv-cultura-homenageia-heitor-villa-lobos-em-diversos-programas\/16943","title":{"rendered":"TV cultura homenageia Heitor Villa-Lobos em diversos programas"},"content":{"rendered":"<p><img loading=\"lazy\" decoding=\"async\" class=\"alignleft size-full wp-image-16945\" title=\"villa t\" src=\"https:\/\/migracao.redenoticia.com.br\/noticia\/imagens\/villa-t.jpg\" alt=\"villa t\" width=\"150\" height=\"113\" srcset=\"https:\/\/migracao.redenoticia.com.br\/noticia\/imagens\/villa-t.jpg 150w, https:\/\/migracao.redenoticia.com.br\/noticia\/imagens\/villa-t-148x112.jpg 148w\" sizes=\"auto, (max-width: 150px) 100vw, 150px\" \/>O especial <strong>Villa-Lobos &#8211; 50 Anos <\/strong>de Mais Vida traz mat\u00e9rias, reportagens, entrevistas e apresenta\u00e7\u00f5es musicais de nomes consagrados da m\u00fasica erudita, com interpreta\u00e7\u00f5es das obras do compositor de As Bachianas<\/p>\n<p>Talentoso, bem humorado, reza a lenda que quando chegou a Paris foi logo avisando: &#8220;n\u00e3o vim aqui para estudar, vim para mostrar minha m\u00fasica&#8221;. Heitor Villa-Lobos faleceu aos 72 anos de idade &#8211; cujo cinq\u00fcenten\u00e1rio de falecimento \u00e9 lembrado em 2009 -, consagrado como o maior compositor da est\u00e9tica cl\u00e1ssica das Am\u00e9ricas no s\u00e9culo 20.<\/p>\n<p>A TV Cultura faz um mergulho pela obra de Villa-Lobos, e no per\u00edodo de 17 a 22 de novembro, diversas atra\u00e7\u00f5es prestam uma bela homenagem ao compositor com o especial Villa-Lobos &#8211; 50 Anos de Mais Vida. Os programas, Cl\u00e1ssicos, Vitrine, Viola Minha Viola, Mosaicos e o Jornal da Cultura, as R\u00e1dios Cultura Brasil (AM 1200 kHz) e FM (103,3 mHz) exibem especiais sobre o autor de O Trenzinho do Caipira.<\/p>\n<p>O n\u00facleo Novas M\u00eddias da TV Cultura est\u00e1 desenvolvendo um site especial, com v\u00eddeos do acervo da FPA. S\u00e3o trechos de concertos das obras do compositor, programetes especiais j\u00e1 exibidos no passado e document\u00e1rios. Os especiais que ser\u00e3o exibidos pelos programas Viola, Minha Viola, Cl\u00e1ssicos, Mosaicos, Ensaio e Vitrine ser\u00e3o arquivados no site para visita\u00e7\u00e3o dos usu\u00e1rios. Tamb\u00e9m estar\u00e3o dispon\u00edveis todos os \u00e1udios do acervo das r\u00e1dios Cultura Brasil e FM, playlists com obras de Villa-Lobos, uma bela galeria de fotos cedidas pelo Museu Villa-Lobos, a discografia completa, links e livros de refer\u00eancia. O site estar\u00e1 no ar na segunda-feira, dia 16 de novembro, no endere\u00e7o www.tvcultura.com.br\/villalobos<\/p>\n<p>Programa\u00e7\u00e3o<\/p>\n<p>O Cl\u00e1ssicos apresenta uma programa\u00e7\u00e3o totalmente dedicada ao compositor carioca para lembrar os 50 anos de sua morte. Esse especial, que vai ao ar na ter\u00e7a-feira (17\/11), \u00e0s 23 horas, ter\u00e1 apresenta\u00e7\u00e3o da jornalista Estela Ribeiro e participa\u00e7\u00e3o do maestro Jamil Maluf como comentarista.<\/p>\n<p>No repert\u00f3rio, diversas obras do compositor maior: As Bachianas brasileiras n\u00ba 2, executada pela Orquestra Sinf\u00f4nica de Campinas, sob a reg\u00eancia de Benito Juarez. Complexa, cheia de contrastes, As Bachianas Brasileiras n\u00ba.2 se encerram com a toccata O Trenzinho do Caipira. Entre outras interpreta\u00e7\u00f5es, a Sinfonia Cultura, sob a reg\u00eancia de Lutero Rodrigues, executa o Concerto para viol\u00e3o e Pequena Orquestra, que tem como solista o violonista F\u00e1bio Zanon.<\/p>\n<p>O document\u00e1rio musical in\u00e9dito Mosaicos &#8211; A Arte de Villa-Lobos, que ser\u00e1 exibido tamb\u00e9m dia 17, rev\u00ea a trajet\u00f3ria art\u00edstica do compositor e traz as participa\u00e7\u00f5es mais que especiais dos violonistas Tur\u00edbio Santos (tamb\u00e9m diretor do Museu Villa-Lobos, no Rio de Janeiro) e Paulo Pedrassoli, dos pianistas Gilberto Tinetti e Eduardo Monteiro, do Quinteto Villa-Lobos e do maestro Roberto Duarte.<\/p>\n<p>Ainda no dia 17, o Jornal da Cultura apresenta uma reportagem especial sobre os 50 anos sem o genial compositor. A reportagem mostra a identidade brasileira presente nas composi\u00e7\u00f5es de Villa-Lobos, considerado o maior expoente musical do modernismo no pa\u00eds. Por isso, ele ainda exerce influ\u00eancia na carreira de diversos m\u00fasicos j\u00e1 consagrados, e a reportagem do JC ir\u00e1 ouvir a opini\u00e3o de alguns desses artistas.<\/p>\n<p>No Ensaio de quarta (18\/11), o especial relembra os artistas que passaram pelo programa e que conviveram com o maestro. Na edi\u00e7\u00e3o de 1993, Tom Jobim exibe uma piteira que era do compositor e conta algumas particularidades dele, como o fato escrever suas m\u00fasicas com caneta tinteiro. Tom lembra ainda que a primeira frase que Villa-Lobos disse a ele foi: &#8220;O ouvido de fora \u00e9 diferente do ouvido de dentro&#8221;.<\/p>\n<p>Dama da m\u00fasica caipira, Inezita Barroso tamb\u00e9m presta homenagem ao compositor e maestro no Viola, Minha Viola. Durante o programa, ela conta que quando era estudante universit\u00e1ria e integrante do coral da Escola Caetano de Campos, esteve no coro regido pelo pr\u00f3prio Villa-Lobos, na inaugura\u00e7\u00e3o do est\u00e1dio do Pacaembu, em S\u00e3o Paulo. Agora, 50 anos depois de sua morte, Inezita apresenta cinco m\u00fasicas ligadas ao repert\u00f3rio popular e folcl\u00f3rico do maestro. Para isso, duas atra\u00e7\u00f5es foram convidadas: o compositor e arranjador Theo de Barros, famoso integrante do grupo Quarteto Novo e autor de Disparada, com Geraldo Vandr\u00e9; e o grupo feminino A quatro vozes, composto por quatro jovens negras mineiras de vozes arrojadas. Theo de Barros toca seu viol\u00e3o de sete cordas para Inezita cantar tr\u00eas m\u00fasicas de Villa-Lobos: Cantilena, gravada por Inezita em 1962; Modinha (Villa-Lobos e Manuel Bandeira), e por \u00faltimo, Nhapop\u00e9.<\/p>\n<p>O Vitrine de s\u00e1bado (21\/11) exibe duas mat\u00e9rias lembrando o grande maestro. Uma delas \u00e9 sobre o Museu Villa-Lobos. O apresentador Rodrigo Rodrigues esteve por l\u00e1 e conversou com um dos maiores entendedores de Villa-Lobos, o diretor da institui\u00e7\u00e3o, Tur\u00edbio Santos. Na conversa, ele mostrou documentos importantes, partituras, objetos pessoais e instrumentos musicais que pertenceram ao compositor.<\/p>\n<p>O programa mostra ainda os bastidores da interven\u00e7\u00e3o realizada pela R\u00e1dio Cultura em homenagem ao compositor. No \u00faltimo dia 10 de novembro, na Esta\u00e7\u00e3o da Luz, em S\u00e3o Paulo, quem passou por l\u00e1 p\u00f4de testemunhar a instala\u00e7\u00e3o de dois alto-falantes suspensos na passarela e tocando o Trenzinho do Caipira, faixa integrante das Bachianas N\u00ba2, de Heitor Villa-Lobos. O som foi projetado na plataforma de embarque e desembarque. A a\u00e7\u00e3o foi acompanhada por Rodrigo. A ideia da interven\u00e7\u00e3o foi orquestrada pelas r\u00e1dios Cultura Brasil e FM em parceria com a CPTM (Companhia Paulista de Trens Metropolitanos).<\/p>\n<p>Arrigo Barnab\u00e9, m\u00fasico e apresentador do Supert\u00f4nica, programa da R\u00e1dio Cultura Brasil, esteve no local colhendo depoimentos e impress\u00f5es dos usu\u00e1rios. A grava\u00e7\u00e3o desse especial vai ao ar no pr\u00f3prio Supert\u00f4nica, no dia 15 de novembro.<\/p>\n<p>Servi\u00e7o<br \/>\nPrograma\u00e7\u00e3o:<\/p>\n<p>Jornal da Cultura<\/p>\n<p>Ter\u00e7a-feira, 17, \u00e0s 21h<\/p>\n<p>Cl\u00e1ssicos<\/p>\n<p>Ter\u00e7a-feira, 17, \u00e0s 23h<\/p>\n<p>Mosaicos &#8211; A Arte de Villa-Lobos<\/p>\n<p>Ter\u00e7a-feira, 17, \u00e0 00h30<\/p>\n<p>Ensaio<\/p>\n<p>Quarta-feira, 18, \u00e0s 23h<\/p>\n<p>Vitrine<\/p>\n<p>S\u00e1bado, dia 21, \u00e0s 19h<\/p>\n<p>Cl\u00e1ssicos Acervo<\/p>\n<p>Domingo, dia 22, \u00e0s 6h<\/p>\n<p>Viola, Minha Viola<\/p>\n<p>Domingo, dia 22, \u00e0s 9h<\/p>\n<p>Cultura FM (103,3 mHz)<\/p>\n<p>Sexta-feira, dia 20, \u00e0s 21h<\/p>\n<p>R\u00e1dio Cultura Brasil (AM 1200 kHz)<\/p>\n<p>Sexta-feira, dia 20, \u00e0s 20h<\/p>\n","protected":false},"excerpt":{"rendered":"<p>O especial Villa-Lobos &#8211; 50 Anos de Mais Vida traz mat\u00e9rias, reportagens, entrevistas e apresenta\u00e7\u00f5es musicais de nomes consagrados da m\u00fasica erudita, com interpreta\u00e7\u00f5es das obras do compositor de As Bachianas Talentoso, bem humorado, reza a lenda que quando chegou a Paris foi logo avisando: &#8220;n\u00e3o vim aqui para estudar, vim para mostrar minha m\u00fasica&#8221;. [&hellip;]<\/p>\n","protected":false},"author":3,"featured_media":0,"comment_status":"open","ping_status":"open","sticky":false,"template":"","format":"standard","meta":{"tdm_status":"","tdm_grid_status":"","footnotes":""},"categories":[343],"tags":[],"class_list":{"0":"post-16943","1":"post","2":"type-post","3":"status-publish","4":"format-standard","6":"category-televisao"},"_links":{"self":[{"href":"https:\/\/migracao.redenoticia.com.br\/noticia\/wp-json\/wp\/v2\/posts\/16943","targetHints":{"allow":["GET"]}}],"collection":[{"href":"https:\/\/migracao.redenoticia.com.br\/noticia\/wp-json\/wp\/v2\/posts"}],"about":[{"href":"https:\/\/migracao.redenoticia.com.br\/noticia\/wp-json\/wp\/v2\/types\/post"}],"author":[{"embeddable":true,"href":"https:\/\/migracao.redenoticia.com.br\/noticia\/wp-json\/wp\/v2\/users\/3"}],"replies":[{"embeddable":true,"href":"https:\/\/migracao.redenoticia.com.br\/noticia\/wp-json\/wp\/v2\/comments?post=16943"}],"version-history":[{"count":0,"href":"https:\/\/migracao.redenoticia.com.br\/noticia\/wp-json\/wp\/v2\/posts\/16943\/revisions"}],"wp:attachment":[{"href":"https:\/\/migracao.redenoticia.com.br\/noticia\/wp-json\/wp\/v2\/media?parent=16943"}],"wp:term":[{"taxonomy":"category","embeddable":true,"href":"https:\/\/migracao.redenoticia.com.br\/noticia\/wp-json\/wp\/v2\/categories?post=16943"},{"taxonomy":"post_tag","embeddable":true,"href":"https:\/\/migracao.redenoticia.com.br\/noticia\/wp-json\/wp\/v2\/tags?post=16943"}],"curies":[{"name":"wp","href":"https:\/\/api.w.org\/{rel}","templated":true}]}}