{"id":169478,"date":"2019-02-16T13:18:05","date_gmt":"2019-02-16T15:18:05","guid":{"rendered":"https:\/\/www.redenoticia.com.br\/noticia\/?p=169478"},"modified":"2019-02-16T13:18:06","modified_gmt":"2019-02-16T15:18:06","slug":"resumo-as-aventuras-de-poliana-18-02-chapa-contente-fica-arrasada","status":"publish","type":"post","link":"https:\/\/migracao.redenoticia.com.br\/noticia\/2019\/resumo-as-aventuras-de-poliana-18-02-chapa-contente-fica-arrasada\/169478","title":{"rendered":"Resumo \u201cAs Aventuras de Poliana\u201d 18\/02: chapa Contente fica arrasada"},"content":{"rendered":"<p><strong><em><img loading=\"lazy\" decoding=\"async\" class=\"aligncenter size-large wp-image-148662\" src=\"https:\/\/migracao.redenoticia.com.br\/noticia\/imagens\/as-aventuras-de-poliana-novela-400x267.jpg\" alt=\"\" width=\"400\" height=\"267\" srcset=\"https:\/\/migracao.redenoticia.com.br\/noticia\/imagens\/as-aventuras-de-poliana-novela-400x267.jpg 400w, https:\/\/migracao.redenoticia.com.br\/noticia\/imagens\/as-aventuras-de-poliana-novela-250x167.jpg 250w, https:\/\/migracao.redenoticia.com.br\/noticia\/imagens\/as-aventuras-de-poliana-novela-150x100.jpg 150w, https:\/\/migracao.redenoticia.com.br\/noticia\/imagens\/as-aventuras-de-poliana-novela.jpg 600w\" sizes=\"auto, (max-width: 400px) 100vw, 400px\" \/>Resumo novela \u201cAs Aventuras de Poliana\u201d 18\/02 <\/em><\/strong>: no cap\u00edtulo 199(*) da novela, resumo de segunda-feira, 18 de fevereiro, a chapa Universo Jovem comemora a vit\u00f3ria dan\u00e7ando, com Luca Tuber filmando tudo, e a chapa Contente fica arrasada. Mirela, triste, desabafa com Raquel sobre tudo sempre dar t\u00e3o errado em sua vida. Poliana e Kessya decidem dan\u00e7ar junto com a chapa concorrente, deixando Filipa furiosa. Por estar na chapa Universo Jovem, Jo\u00e3o \u00e9 inclu\u00eddo no grupo dos mais \u201cpopulares\u201d e estranha o bom tratamento da turma com ele. Branca ensina salsa e merengue na aula de dan\u00e7a, e pede para Mirela demonstrar alguns passos. Luca a observa, admirado.<\/p>\n<p>Casais s\u00e3o formados para o ensaio da dan\u00e7a. D\u00e9bora observa tudo da janela, emburrada. Ela ainda procura Ruth em sua sala e diz que quer voltar logo ao trabalho. Mirela observa Gabriela e Vini dan\u00e7ando e fica desconfort\u00e1vel. Claudia questiona Gael e Ben\u00edcio sobre as mentiras que foram ditas a Durval. Lorena tamb\u00e9m \u00e9 repreendida pelo pai pelas travessuras que fez. Nanci encontra Iuri na escola e pergunta se ele e Sophie est\u00e3o juntos. Ant\u00f4nio observa Branca dan\u00e7ando sozinha na sala e pele que ela lhe conceda uma dan\u00e7a. Ela aceita. Vini diz para Mirela que acha que Gabi est\u00e1 interessada nele.<\/p>\n<p>Lu\u00edsa e Durval saem para o encontro entre casais e Nanci e Ant\u00f4nio ficam respons\u00e1veis por cuidarem de todas as crian\u00e7as: Poliana, Yasmin, Luigi, M\u00e1rio, Gael, Lorena e Ben\u00edcio. D\u00e9bora fica triste em casa e Marcelo a convida para jantar. Arlete mente para Lindomar, dizendo que devolveu a joia \u00e0 Lu\u00edsa. Na casa de Poliana, Luigi cria um roteiro de filme alien\u00edgena e as crian\u00e7as se divertem gravando. Nanci pressiona Waldisney sobre eles estarem ou n\u00e3o em um relacionamento s\u00e9rio. Filipa v\u00ea um story de Luigi em que Yasmin aparece e fica furiosa.<\/p>\n<p>(*) edi\u00e7\u00e3o do SBT, Novela \u201cAs Aventuras de Poliana\u201d, sujeito a altera\u00e7\u00e3o de data e conte\u00fado.<\/p>\n<p>Poliana \u00e9 uma menina extrovertida e de bom cora\u00e7\u00e3o que viajava o Brasil com seus pais, Lorenzo e Alice, no grupo circense Trupe Vagalume. Aos onze anos a garota v\u00ea seu mundo desabar quando seus pais falecem e ela tem que ir morar em S\u00e3o Paulo com sua tia Lu\u00edsa, uma mulher rica e severa, a qual ela n\u00e3o conhecia e que n\u00e3o queria cuidar dela, embora sinta que \u00e9 sua obriga\u00e7\u00e3o pela alma de sua irm\u00e3. Apesar do jeito da rigidez da tia, Poliana decide ter uma vis\u00e3o positiva e inabal\u00e1vel da vida, mesmo nos momentos de dificuldade, tentando levar um pouco de felicidade para a vida de cada um dos seus novos amigos e vizinhos, como o Sr. Pendleton, um homem rico e infeliz por nunca ter tido filhos. Ela vai estudar no col\u00e9gio de Ruth, uma diretora de bom cora\u00e7\u00e3o que a ajuda a se adaptar, mas tem que lidar com as vilanias de Mirela, garota mais velha que n\u00e3o aceita perder a popularidade para uma novata.<\/p>\n","protected":false},"excerpt":{"rendered":"<p>Resumo novela \u201cAs Aventuras de Poliana\u201d 18\/02 : no cap\u00edtulo 199(*) da novela, resumo de segunda-feira, 18 de fevereiro, a chapa Universo Jovem comemora a vit\u00f3ria dan\u00e7ando, com Luca Tuber filmando tudo, e a chapa Contente fica arrasada. Mirela, triste, desabafa com Raquel sobre tudo sempre dar t\u00e3o errado em sua vida. Poliana e Kessya [&hellip;]<\/p>\n","protected":false},"author":2,"featured_media":148663,"comment_status":"open","ping_status":"closed","sticky":false,"template":"","format":"standard","meta":{"tdm_status":"","tdm_grid_status":"","footnotes":""},"categories":[477,379,372,343],"tags":[441],"class_list":{"0":"post-169478","1":"post","2":"type-post","3":"status-publish","4":"format-standard","5":"has-post-thumbnail","7":"category-as-aventuras-de-poliana","8":"category-novelas","9":"category-sbt","10":"category-televisao","11":"tag-resumo-do-dia"},"_links":{"self":[{"href":"https:\/\/migracao.redenoticia.com.br\/noticia\/wp-json\/wp\/v2\/posts\/169478","targetHints":{"allow":["GET"]}}],"collection":[{"href":"https:\/\/migracao.redenoticia.com.br\/noticia\/wp-json\/wp\/v2\/posts"}],"about":[{"href":"https:\/\/migracao.redenoticia.com.br\/noticia\/wp-json\/wp\/v2\/types\/post"}],"author":[{"embeddable":true,"href":"https:\/\/migracao.redenoticia.com.br\/noticia\/wp-json\/wp\/v2\/users\/2"}],"replies":[{"embeddable":true,"href":"https:\/\/migracao.redenoticia.com.br\/noticia\/wp-json\/wp\/v2\/comments?post=169478"}],"version-history":[{"count":0,"href":"https:\/\/migracao.redenoticia.com.br\/noticia\/wp-json\/wp\/v2\/posts\/169478\/revisions"}],"wp:featuredmedia":[{"embeddable":true,"href":"https:\/\/migracao.redenoticia.com.br\/noticia\/wp-json\/wp\/v2\/media\/148663"}],"wp:attachment":[{"href":"https:\/\/migracao.redenoticia.com.br\/noticia\/wp-json\/wp\/v2\/media?parent=169478"}],"wp:term":[{"taxonomy":"category","embeddable":true,"href":"https:\/\/migracao.redenoticia.com.br\/noticia\/wp-json\/wp\/v2\/categories?post=169478"},{"taxonomy":"post_tag","embeddable":true,"href":"https:\/\/migracao.redenoticia.com.br\/noticia\/wp-json\/wp\/v2\/tags?post=169478"}],"curies":[{"name":"wp","href":"https:\/\/api.w.org\/{rel}","templated":true}]}}