{"id":169482,"date":"2019-02-16T13:22:34","date_gmt":"2019-02-16T15:22:34","guid":{"rendered":"https:\/\/www.redenoticia.com.br\/noticia\/?p=169482"},"modified":"2019-02-17T22:50:34","modified_gmt":"2019-02-18T01:50:34","slug":"resumo-novela-cordel-encantado-18-02-jesuino-salva-inacio","status":"publish","type":"post","link":"https:\/\/migracao.redenoticia.com.br\/noticia\/2019\/resumo-novela-cordel-encantado-18-02-jesuino-salva-inacio\/169482","title":{"rendered":"Resumo novela \u201cCordel Encantado\u201d 18\/02: Jesu\u00edno salva In\u00e1cio"},"content":{"rendered":"<p><img loading=\"lazy\" decoding=\"async\" class=\"aligncenter size-large wp-image-165214\" src=\"https:\/\/migracao.redenoticia.com.br\/noticia\/imagens\/cordel-004-319x300.jpg\" alt=\"\" width=\"319\" height=\"300\" srcset=\"https:\/\/migracao.redenoticia.com.br\/noticia\/imagens\/cordel-004-319x300.jpg 319w, https:\/\/migracao.redenoticia.com.br\/noticia\/imagens\/cordel-004-199x187.jpg 199w, https:\/\/migracao.redenoticia.com.br\/noticia\/imagens\/cordel-004-150x141.jpg 150w, https:\/\/migracao.redenoticia.com.br\/noticia\/imagens\/cordel-004.jpg 669w, https:\/\/migracao.redenoticia.com.br\/noticia\/imagens\/cordel-004-560x527.jpg 560w\" sizes=\"auto, (max-width: 319px) 100vw, 319px\" \/><strong><em>Resumo novela \u201cCordel Encantado\u201d 18\/02 <\/em><\/strong>: no cap\u00edtulo 025(*) da novela, resumo de segunda-feira, 18 de fevereiro, A\u00e7ucena, Dora, Quiquiqui, Setembrino, Galego, Baldini e Zen\u00f3bio se juntam a Jesu\u00edno para enfrentar os cangaceiros. Efig\u00eania confessa a Helena que acredita que Petrus est\u00e1 vivo. Herculano usa In\u00e1cio para enfrentar Jesu\u00edno. C\u00e2ndida impede Pen\u00e9lope e C\u00edcero de fugir do acampamento. Neusa e Bartira conversam sobre seus maridos. Carlota e Fausto avisam Ant\u00f4nia que In\u00e1cio est\u00e1 desaparecido. Herculano chega com o pr\u00edncipe ao acampamento e avisa C\u00e2ndida sobre o acordo que fez com Jesu\u00edno. Augusto acredita que exista uma rela\u00e7\u00e3o entre Herculano e Jesu\u00edno, mas \u00darsula e Nicolau tentam desfazer as suspeitas do rei. Jesu\u00edno ateia fogo na tenda de Herculano e consegue salvar In\u00e1cio. Fil\u00f3 fica nervosa ao ouvir Neusa falar sobre Bartira. Florinda ouve as crian\u00e7as conversando sobre Petrus. Jesu\u00edno leva In\u00e1cio at\u00e9 o pal\u00e1cio.<\/p>\n<p>Jesu\u00edno vai a Brogod\u00f3 para defender a cidade. Galego chama Setembrino e Quiquiqui para ajudar Jesu\u00edno. In\u00e1cio \u00e9 capturado pelos cangaceiros. Jesu\u00edno enfrenta Herculano. A\u00e7ucena, Dora, Quiquiqui, Setembrino, Galego, Baldini e Zen\u00f3bio se juntam a Jesu\u00edno para enfrentar os cangaceiros. Efig\u00eania confessa a Helena que acredita que Petrus est\u00e1 vivo. Herculano usa In\u00e1cio para enfrentar Jesu\u00edno. C\u00e2ndida impede Pen\u00e9lope e C\u00edcero de fugir do acampamento. Neusa e Bartira conversam sobre seus maridos.<\/p>\n<p>Carlota e Fausto avisam Ant\u00f4nia que In\u00e1cio est\u00e1 desaparecido. Herculano chega com o pr\u00edncipe ao acampamento e avisa C\u00e2ndida sobre o acordo que fez com Jesu\u00edno. Augusto acredita que exista uma rela\u00e7\u00e3o entre Herculano e Jesu\u00edno, mas \u00darsula e Nicolau tentam desfazer as suspeitas do rei. Jesu\u00edno ateia fogo na tenda de Herculano e consegue salvar In\u00e1cio. Fil\u00f3 fica nervosa ao ouvir Neusa falar sobre Bartira. Florinda ouve as crian\u00e7as conversando sobre Petrus. Jesu\u00edno leva In\u00e1cio at\u00e9 o pal\u00e1cio.<\/p>\n<p>Destaques<\/p>\n<p>(*) edi\u00e7\u00e3o da Rede Globo, Novela \u201cCordel Encantado\u201d, sujeito a altera\u00e7\u00e3o de data e conte\u00fado.<\/p>\n<p>Sinopse \u201cCordel Encantado\u201d: Vendo o marido muito ferido, depois de mais uma terr\u00edvel batalha, a rainha Helena (Mariana Lima) vai ao castelo inimigo amaldi\u00e7oar toda a fam\u00edlia do rei Augusto. Faz isso gr\u00e1vida de In\u00e1cio (Maur\u00edcio Destri) e acompanhada de seu filho mais velho, Felipe (Jayme Matarazzo). O monarca se comove com a dor de Helena e, por sugest\u00e3o de Cristina, prop\u00f5e um acordo a Teobaldo, ferido mortalmente: seus primog\u00eanitos Aurora e Felipe devem se casar quando atingirem a maior idade, unificando e trazendo paz aos dois estados. Teobaldo aceita o acordo e morre logo depois. As duas crian\u00e7as s\u00e3o apresentadas publicamente como os futuros reis de Ser\u00e1fia.<\/p>\n<p>Seguindo a interpreta\u00e7\u00e3o on\u00edrica feita por Amadeus, uma longa viagem come\u00e7a a ser planejada. Zen\u00f3bio Alfredo (Guilherme Fontes), bot\u00e2nico de Ser\u00e1fia do Norte, que estava no Brasil envolvido com pesquisas cient\u00edficas, traz ao rei not\u00edcias de um tesouro, escondido em terras tropicais pelo fundador do reino, Dom Serafim. O bot\u00e2nico sugere que o rei financie uma expedi\u00e7\u00e3o a Brogod\u00f3, e Augusto, amante das ci\u00eancias e das aventuras, n\u00e3o s\u00f3 concorda com a ideia como faz quest\u00e3o de liderar a empreitada. O rei s\u00f3 n\u00e3o contava que sua esposa, a rainha Cristina, resolveria acompanh\u00e1-lo, levando consigo a pequena Aurora.<\/p>\n","protected":false},"excerpt":{"rendered":"<p>Resumo novela \u201cCordel Encantado\u201d 18\/02 : no cap\u00edtulo 025(*) da novela, resumo de segunda-feira, 18 de fevereiro, A\u00e7ucena, Dora, Quiquiqui, Setembrino, Galego, Baldini e Zen\u00f3bio se juntam a Jesu\u00edno para enfrentar os cangaceiros. Efig\u00eania confessa a Helena que acredita que Petrus est\u00e1 vivo. Herculano usa In\u00e1cio para enfrentar Jesu\u00edno. C\u00e2ndida impede Pen\u00e9lope e C\u00edcero de [&hellip;]<\/p>\n","protected":false},"author":2,"featured_media":165215,"comment_status":"open","ping_status":"closed","sticky":false,"template":"","format":"standard","meta":{"tdm_status":"","tdm_grid_status":"","footnotes":""},"categories":[535,379,375,343],"tags":[441],"class_list":{"0":"post-169482","1":"post","2":"type-post","3":"status-publish","4":"format-standard","5":"has-post-thumbnail","7":"category-cordel-encantado","8":"category-novelas","9":"category-rede-globo","10":"category-televisao","11":"tag-resumo-do-dia"},"_links":{"self":[{"href":"https:\/\/migracao.redenoticia.com.br\/noticia\/wp-json\/wp\/v2\/posts\/169482","targetHints":{"allow":["GET"]}}],"collection":[{"href":"https:\/\/migracao.redenoticia.com.br\/noticia\/wp-json\/wp\/v2\/posts"}],"about":[{"href":"https:\/\/migracao.redenoticia.com.br\/noticia\/wp-json\/wp\/v2\/types\/post"}],"author":[{"embeddable":true,"href":"https:\/\/migracao.redenoticia.com.br\/noticia\/wp-json\/wp\/v2\/users\/2"}],"replies":[{"embeddable":true,"href":"https:\/\/migracao.redenoticia.com.br\/noticia\/wp-json\/wp\/v2\/comments?post=169482"}],"version-history":[{"count":0,"href":"https:\/\/migracao.redenoticia.com.br\/noticia\/wp-json\/wp\/v2\/posts\/169482\/revisions"}],"wp:featuredmedia":[{"embeddable":true,"href":"https:\/\/migracao.redenoticia.com.br\/noticia\/wp-json\/wp\/v2\/media\/165215"}],"wp:attachment":[{"href":"https:\/\/migracao.redenoticia.com.br\/noticia\/wp-json\/wp\/v2\/media?parent=169482"}],"wp:term":[{"taxonomy":"category","embeddable":true,"href":"https:\/\/migracao.redenoticia.com.br\/noticia\/wp-json\/wp\/v2\/categories?post=169482"},{"taxonomy":"post_tag","embeddable":true,"href":"https:\/\/migracao.redenoticia.com.br\/noticia\/wp-json\/wp\/v2\/tags?post=169482"}],"curies":[{"name":"wp","href":"https:\/\/api.w.org\/{rel}","templated":true}]}}