{"id":1695,"date":"2009-05-16T16:52:23","date_gmt":"2009-05-16T20:52:23","guid":{"rendered":"http:\/\/www.redenoticia.com.br\/noticia\/?p=1695"},"modified":"2009-05-16T16:52:23","modified_gmt":"2009-05-16T20:52:23","slug":"prazo-de-entrega-da-declaracao-do-simples-e-prorrogado-para-o-dia-20","status":"publish","type":"post","link":"https:\/\/migracao.redenoticia.com.br\/noticia\/2009\/prazo-de-entrega-da-declaracao-do-simples-e-prorrogado-para-o-dia-20\/1695","title":{"rendered":"Prazo de entrega da declara\u00e7\u00e3o do Simples \u00e9 prorrogado para o dia 20"},"content":{"rendered":"<p>A entrega das Declara\u00e7\u00f5es Anuais do Simples Nacional de 2009, ano-base 2008, foi prorrogada para 20 de maio. O prazo tinha acabado no \u00faltimo dia 4, mas foi estendido por causa de problemas t\u00e9cnicos no \u00faltimo dia de entrega.<\/p>\n<p><span style=\"font-family: Arial; color: windowtext;\"><br \/>\nDe acordo com a Receita Federal, a resolu\u00e7\u00e3o, com a mudan\u00e7a no prazo, ser\u00e1 publicada na pr\u00f3xima ter\u00e7a-feira (19) no <em>Di\u00e1rio Oficial da Uni\u00e3o<\/em>. Com a medida, as multas por atraso geradas desde o dia 5 ser\u00e3o canceladas e as multas das declara\u00e7\u00f5es enviadas a partir de segunda-feira (18) at\u00e9 as 23h59 do dia 20 ser\u00e3o desconsideradas.<\/p>\n<p>Segundo a Receita, do in\u00edcio do prazo de entrega at\u00e9 ontem (14), 2,55 milh\u00f5es de contribuintes tinham enviado a declara\u00e7\u00e3o. Em comunicado, o secret\u00e1rio-executivo do Comit\u00ea Gestor do Simples Nacional, Silas Santiago, afirmou que problemas t\u00e9cnicos nos sistemas eletr\u00f4nicos de recep\u00e7\u00e3o, no \u00faltimo dia do prazo original, dificultaram a entrega por parte dos contribuintes.<\/p>\n<p>O Simples Nacional unifica o recolhimento de oito tributos para as micro e pequenas empresas com receita bruta de at\u00e9 R$ 2,4 milh\u00f5es por ano. O sistema simplificado de arrecada\u00e7\u00e3o abrange seis tributos federais, o Imposto sobre Circula\u00e7\u00e3o de Mercadorias e Servi\u00e7os (ICMS), destinado aos estados, e o Imposto sobre Servi\u00e7os (ISS), que \u00e9 municipal.<\/p>\n<p>A entrega das declara\u00e7\u00f5es deve ser feita exclusivamente no portal do Simples Nacional, dispon\u00edvel no site da <span style=\"color: windowtext;\">Receita<\/span>.<br \/>\n<!--[if !supportLineBreakNewLine]--><br \/>\n<!--[endif]--><\/span><\/p>\n<p class=\"MsoNormal\" style=\"margin-bottom: 12pt;\"><span class=\"assinatura11\"><span style=\"font-size: 8.5pt; font-family: Arial;\">Wellton M\u00e1ximo <\/span><\/span><span style=\"font-family: Arial;\"><br \/>\n<\/span><span class=\"assinatura11\"><em><span style=\"font-size: 8.5pt; font-family: Arial;\">Rep\u00f3rter da Ag\u00eancia Brasil<\/span><\/em><\/span><span class=\"assinatura11\"><span style=\"font-size: 8.5pt; font-family: Arial;\"> <\/span><\/span><span style=\"font-family: Arial;\"><\/span><\/p>\n","protected":false},"excerpt":{"rendered":"<p>A entrega das Declara\u00e7\u00f5es Anuais do Simples Nacional de 2009, ano-base 2008, foi prorrogada para 20 de maio. O prazo tinha acabado no \u00faltimo dia 4, mas foi estendido por causa de problemas t\u00e9cnicos no \u00faltimo dia de entrega. De acordo com a Receita Federal, a resolu\u00e7\u00e3o, com a mudan\u00e7a no prazo, ser\u00e1 publicada na [&hellip;]<\/p>\n","protected":false},"author":3,"featured_media":0,"comment_status":"open","ping_status":"open","sticky":false,"template":"","format":"standard","meta":{"tdm_status":"","tdm_grid_status":"","footnotes":""},"categories":[22],"tags":[],"class_list":{"0":"post-1695","1":"post","2":"type-post","3":"status-publish","4":"format-standard","6":"category-brasil"},"_links":{"self":[{"href":"https:\/\/migracao.redenoticia.com.br\/noticia\/wp-json\/wp\/v2\/posts\/1695","targetHints":{"allow":["GET"]}}],"collection":[{"href":"https:\/\/migracao.redenoticia.com.br\/noticia\/wp-json\/wp\/v2\/posts"}],"about":[{"href":"https:\/\/migracao.redenoticia.com.br\/noticia\/wp-json\/wp\/v2\/types\/post"}],"author":[{"embeddable":true,"href":"https:\/\/migracao.redenoticia.com.br\/noticia\/wp-json\/wp\/v2\/users\/3"}],"replies":[{"embeddable":true,"href":"https:\/\/migracao.redenoticia.com.br\/noticia\/wp-json\/wp\/v2\/comments?post=1695"}],"version-history":[{"count":0,"href":"https:\/\/migracao.redenoticia.com.br\/noticia\/wp-json\/wp\/v2\/posts\/1695\/revisions"}],"wp:attachment":[{"href":"https:\/\/migracao.redenoticia.com.br\/noticia\/wp-json\/wp\/v2\/media?parent=1695"}],"wp:term":[{"taxonomy":"category","embeddable":true,"href":"https:\/\/migracao.redenoticia.com.br\/noticia\/wp-json\/wp\/v2\/categories?post=1695"},{"taxonomy":"post_tag","embeddable":true,"href":"https:\/\/migracao.redenoticia.com.br\/noticia\/wp-json\/wp\/v2\/tags?post=1695"}],"curies":[{"name":"wp","href":"https:\/\/api.w.org\/{rel}","templated":true}]}}