{"id":169538,"date":"2019-02-16T06:54:11","date_gmt":"2019-02-16T08:54:11","guid":{"rendered":"https:\/\/www.redenoticia.com.br\/noticia\/?p=169538"},"modified":"2019-02-19T21:04:25","modified_gmt":"2019-02-20T00:04:25","slug":"novela-jesus-resumo-18-02-pilatos-recebe-um-sacerdote-para-tentar-curar-helena","status":"publish","type":"post","link":"https:\/\/migracao.redenoticia.com.br\/noticia\/2019\/novela-jesus-resumo-18-02-pilatos-recebe-um-sacerdote-para-tentar-curar-helena\/169538","title":{"rendered":"Novela \u201cJesus\u201d resumo 18\/02: Cl\u00e1udia sai \u00e0 procura de Jesus"},"content":{"rendered":"<p><em><strong><img loading=\"lazy\" decoding=\"async\" class=\"aligncenter size-large wp-image-149879\" src=\"https:\/\/migracao.redenoticia.com.br\/noticia\/imagens\/jesus-novela-record-400x174.jpg\" alt=\"\" width=\"400\" height=\"174\" srcset=\"https:\/\/migracao.redenoticia.com.br\/noticia\/imagens\/jesus-novela-record-400x174.jpg 400w, https:\/\/migracao.redenoticia.com.br\/noticia\/imagens\/jesus-novela-record-250x109.jpg 250w, https:\/\/migracao.redenoticia.com.br\/noticia\/imagens\/jesus-novela-record-768x335.jpg 768w, https:\/\/migracao.redenoticia.com.br\/noticia\/imagens\/jesus-novela-record-696x303.jpg 696w, https:\/\/migracao.redenoticia.com.br\/noticia\/imagens\/jesus-novela-record-150x65.jpg 150w, https:\/\/migracao.redenoticia.com.br\/noticia\/imagens\/jesus-novela-record.jpg 780w\" sizes=\"auto, (max-width: 400px) 100vw, 400px\" \/>Novela \u201cJesus\u201d resumo 18\/02<\/strong><\/em>: no capitulo 148 (*) da novela, segunda-feira, 18 de fevereiro, O Messias prega. Cl\u00e1udia descobre que Helena foi atacada por le\u00f5es e coloca a culpa em Pilatos. Corn\u00e9lius pede a m\u00e3o de Sara a Pedro, que nega. Marta rompe o namoro com Malco. Corn\u00e9lius encontra Helena e cuida dela. Petronius avisa a Pilatos e Cl\u00e1udia que Helena foi encontrada. Todos se emocionam ao rev\u00ea-la.<\/p>\n<p>(*) edi\u00e7\u00e3o da Rede Record, Novela \u201cJesus\u201d, sujeito a altera\u00e7\u00e3o de data e conte\u00fado.<\/p>\n<p>\u201cJesus\u201d &#8211; Ap\u00f3s receber a anuncia\u00e7\u00e3o de que o filho de Deus estava a caminho, Maria (Cl\u00e1udia Mauro) d\u00e1 a luz ao escolhido e, junto com o marido Jos\u00e9 (Michel Bercovitch), cria com valores e bons princ\u00edpios o jovem escolhido Jesus (Dudu Azevedo). A profecia do escolhido incomoda o rei Herodes (Paulo Gorgulho), que passa a perseguir a fam\u00edlia, for\u00e7ando Maria e Jos\u00e9 a criarem Jesus como um jovem comum longe de sua miss\u00e3o.<\/p>\n","protected":false},"excerpt":{"rendered":"<p>Novela \u201cJesus\u201d resumo 18\/02: no capitulo 148 (*) da novela, segunda-feira, 18 de fevereiro, O Messias prega. Cl\u00e1udia descobre que Helena foi atacada por le\u00f5es e coloca a culpa em Pilatos. Corn\u00e9lius pede a m\u00e3o de Sara a Pedro, que nega. Marta rompe o namoro com Malco. Corn\u00e9lius encontra Helena e cuida dela. Petronius avisa [&hellip;]<\/p>\n","protected":false},"author":2,"featured_media":148138,"comment_status":"open","ping_status":"closed","sticky":false,"template":"","format":"standard","meta":{"tdm_status":"","tdm_grid_status":"","footnotes":""},"categories":[488,379,371,343],"tags":[441],"class_list":{"0":"post-169538","1":"post","2":"type-post","3":"status-publish","4":"format-standard","5":"has-post-thumbnail","7":"category-jesus","8":"category-novelas","9":"category-rede-record","10":"category-televisao","11":"tag-resumo-do-dia"},"_links":{"self":[{"href":"https:\/\/migracao.redenoticia.com.br\/noticia\/wp-json\/wp\/v2\/posts\/169538","targetHints":{"allow":["GET"]}}],"collection":[{"href":"https:\/\/migracao.redenoticia.com.br\/noticia\/wp-json\/wp\/v2\/posts"}],"about":[{"href":"https:\/\/migracao.redenoticia.com.br\/noticia\/wp-json\/wp\/v2\/types\/post"}],"author":[{"embeddable":true,"href":"https:\/\/migracao.redenoticia.com.br\/noticia\/wp-json\/wp\/v2\/users\/2"}],"replies":[{"embeddable":true,"href":"https:\/\/migracao.redenoticia.com.br\/noticia\/wp-json\/wp\/v2\/comments?post=169538"}],"version-history":[{"count":0,"href":"https:\/\/migracao.redenoticia.com.br\/noticia\/wp-json\/wp\/v2\/posts\/169538\/revisions"}],"wp:featuredmedia":[{"embeddable":true,"href":"https:\/\/migracao.redenoticia.com.br\/noticia\/wp-json\/wp\/v2\/media\/148138"}],"wp:attachment":[{"href":"https:\/\/migracao.redenoticia.com.br\/noticia\/wp-json\/wp\/v2\/media?parent=169538"}],"wp:term":[{"taxonomy":"category","embeddable":true,"href":"https:\/\/migracao.redenoticia.com.br\/noticia\/wp-json\/wp\/v2\/categories?post=169538"},{"taxonomy":"post_tag","embeddable":true,"href":"https:\/\/migracao.redenoticia.com.br\/noticia\/wp-json\/wp\/v2\/tags?post=169538"}],"curies":[{"name":"wp","href":"https:\/\/api.w.org\/{rel}","templated":true}]}}