{"id":169596,"date":"2019-02-17T21:28:24","date_gmt":"2019-02-18T00:28:24","guid":{"rendered":"https:\/\/www.redenoticia.com.br\/noticia\/?p=169596"},"modified":"2019-02-17T21:28:26","modified_gmt":"2019-02-18T00:28:26","slug":"novela-cordel-encantado-petrus-desiste-de-florinda-e-foge","status":"publish","type":"post","link":"https:\/\/migracao.redenoticia.com.br\/noticia\/2019\/novela-cordel-encantado-petrus-desiste-de-florinda-e-foge\/169596","title":{"rendered":"Novela &#8220;Cordel Encantado&#8221;: Petrus desiste de Florinda e foge"},"content":{"rendered":"<p><strong><em>Novela &#8220;Cordel Encantado&#8221;:<\/em><\/strong> Petrus (Felipe Camargo) se livra da m\u00e1scara, se apaixona e foge da casa de Zen\u00f3bio (Guilherme Fontes) ao se dar conta que n\u00e3o tem chances com Florinda (Emanuelle Ara\u00fajo). Ele leva um quadro de flores, os guardas Rufino (Alessandro Tcche) e Pa\u00e7oca (Marcelo Flores) acham que ele \u00e9 um ladr\u00e3o e o perseguem.<\/p>\n<p>Ao fugir dos guardas, Petrus \u00e9 quase atropelado por Jesu\u00edno (Cau\u00e3 Reymond) e torce o p\u00e9. Com pena do homem desconhecido, Jesu\u00edno o ajuda e o leva para sua casa.<\/p>\n<p>J\u00e1 em Vila da Cruz, Euz\u00e9bio (Enrique Diaz) desconfia que o quadro possa ser de Zen\u00f3bio. Sem conseguir se comunicar direito com o duque, A\u00e7ucena (Bianca Bin) pergunta se ele \u00e9 amigo do bot\u00e2nico e de sua esposa e descobre que sim.<\/p>\n<p>Ao ver a medalha de Santa Eud\u00f3xia no pesco\u00e7o de Jesu\u00edno, Petrus reconhece e grita repetidamente: \u201cSer\u00e1fia!\u201d. Intrigados, Jesu\u00edno, A\u00e7ucena, Benvinda (Claudia Ohana), Euz\u00e9bio e Virtuosa (Ana Cec\u00edlia Costa) especulam que ele deve conhecer o reino, ou quem sabe, pode at\u00e9 ter vindo de l\u00e1.<\/p>\n<p>Preocupados com o sumi\u00e7o do h\u00f3spede, Florinda (Emanuelle Ara\u00fajo) e Zen\u00f3bio resolvem procur\u00e1-lo. Os dois acabam sabendo que Jesu\u00edno abrigou um homem que pode ser Petrus, v\u00e3o at\u00e9 Vila da Cruz e encontram o duque l\u00e1.<\/p>\n<p>Felizes por ver Petrus bem, o casal \u00e9 questionado por Jesu\u00edno e A\u00e7ucena sobre quem \u00e9 o tal homem.<\/p>\n<p>Sem sa\u00edda, Florinda acha melhor contar tudo de uma vez. Zen\u00f3bio confirma: \u201cSim, Jesu\u00edno. Este homem \u00e9 o Duque Petrus, irm\u00e3o do rei Augusto\u201d. Todos ficam boquiabertos com a not\u00edcia e chocados com tanta maldade feita para o nobre.<\/p>\n<p>O casal pede que todos guardem segredo e explica o p\u00f4rque: \u201cEnquanto n\u00e3o descobrirmos quem \u00e9 o inimigo desse homem, devemos mant\u00ea-lo escondido. Ou a vida dele vai estar em perigo!\u201d.<\/p>\n<p>Sinopse &#8220;Cordel Encantado&#8221;: Augusto e sua rainha vivem uma vida harmoniosa e feliz, sem imaginar que est\u00e3o cercados por dois vil\u00f5es: \u00darsula (D\u00e9bora Bloch), cunhada do rei, e Nicolau (Luiz Fernando Guimar\u00e3es), o atrapalhado mordomo da corte. A bela, elegante e sofisticada duquesa \u00e9 a pessoa mais perigosa e falsa de todo o reino. Ajudada por Nicolau, seu amante, \u00darsula deseja se tornar rainha. E a viagem a Brogod\u00f3 \u00e9 a chance que a duquesa sempre quis para se livrar de Cristina e da princesa.<\/p>\n<p>A sede de poder da dupla de vil\u00f5es \u00e9 crescente: no Brasil, para onde se muda com a corte europeia, o casal continua a planejar e executar planos para conseguir o que quer. No decorrer da novela, revela-se que Lady Cec\u00edlia (Sofia Terra), que \u00darsula criava como sobrinha, \u00e9 filha da vil\u00e3 com o general Baldini (Em\u00edlio de Mello), militar do ex\u00e9rcito de Ser\u00e1fia do Norte.<\/p>\n<p>Fonte Rede Globo &#8220;Cordel Encantado\u201d<\/p>\n","protected":false},"excerpt":{"rendered":"<p>Novela &#8220;Cordel Encantado&#8221;: Petrus (Felipe Camargo) se livra da m\u00e1scara, se apaixona e foge da casa de Zen\u00f3bio (Guilherme Fontes) ao se dar conta que n\u00e3o tem chances com Florinda (Emanuelle Ara\u00fajo). Ele leva um quadro de flores, os guardas Rufino (Alessandro Tcche) e Pa\u00e7oca (Marcelo Flores) acham que ele \u00e9 um ladr\u00e3o e o [&hellip;]<\/p>\n","protected":false},"author":2,"featured_media":165215,"comment_status":"open","ping_status":"closed","sticky":false,"template":"","format":"standard","meta":{"tdm_status":"","tdm_grid_status":"","footnotes":""},"categories":[535,379,375,343],"tags":[440],"class_list":{"0":"post-169596","1":"post","2":"type-post","3":"status-publish","4":"format-standard","5":"has-post-thumbnail","7":"category-cordel-encantado","8":"category-novelas","9":"category-rede-globo","10":"category-televisao","11":"tag-noticia-novela"},"_links":{"self":[{"href":"https:\/\/migracao.redenoticia.com.br\/noticia\/wp-json\/wp\/v2\/posts\/169596","targetHints":{"allow":["GET"]}}],"collection":[{"href":"https:\/\/migracao.redenoticia.com.br\/noticia\/wp-json\/wp\/v2\/posts"}],"about":[{"href":"https:\/\/migracao.redenoticia.com.br\/noticia\/wp-json\/wp\/v2\/types\/post"}],"author":[{"embeddable":true,"href":"https:\/\/migracao.redenoticia.com.br\/noticia\/wp-json\/wp\/v2\/users\/2"}],"replies":[{"embeddable":true,"href":"https:\/\/migracao.redenoticia.com.br\/noticia\/wp-json\/wp\/v2\/comments?post=169596"}],"version-history":[{"count":0,"href":"https:\/\/migracao.redenoticia.com.br\/noticia\/wp-json\/wp\/v2\/posts\/169596\/revisions"}],"wp:featuredmedia":[{"embeddable":true,"href":"https:\/\/migracao.redenoticia.com.br\/noticia\/wp-json\/wp\/v2\/media\/165215"}],"wp:attachment":[{"href":"https:\/\/migracao.redenoticia.com.br\/noticia\/wp-json\/wp\/v2\/media?parent=169596"}],"wp:term":[{"taxonomy":"category","embeddable":true,"href":"https:\/\/migracao.redenoticia.com.br\/noticia\/wp-json\/wp\/v2\/categories?post=169596"},{"taxonomy":"post_tag","embeddable":true,"href":"https:\/\/migracao.redenoticia.com.br\/noticia\/wp-json\/wp\/v2\/tags?post=169596"}],"curies":[{"name":"wp","href":"https:\/\/api.w.org\/{rel}","templated":true}]}}