{"id":169606,"date":"2019-02-19T23:01:56","date_gmt":"2019-02-20T02:01:56","guid":{"rendered":"https:\/\/www.redenoticia.com.br\/noticia\/?p=169606"},"modified":"2019-02-20T00:01:57","modified_gmt":"2019-02-20T03:01:57","slug":"pre-carnaval-veja-dicas-para-curtir-sem-causar-danos-a-saude","status":"publish","type":"post","link":"https:\/\/migracao.redenoticia.com.br\/noticia\/2019\/pre-carnaval-veja-dicas-para-curtir-sem-causar-danos-a-saude\/169606","title":{"rendered":"Pr\u00e9-Carnaval: veja dicas para curtir sem causar danos \u00e0 sa\u00fade"},"content":{"rendered":"<p>Quem est\u00e1 em S\u00e3o Paulo j\u00e1 come\u00e7ou a curtir o pr\u00e9-Carnaval nos bloquinhos que est\u00e3o acontecendo pela cidade. Por conta disso, foli\u00e3o que se preza cuida bem do organismo para aproveitar ao m\u00e1ximo todo o agito. Confira a seguir algumas dicas de sa\u00fade e divirta-se:<\/p>\n<p>Haja preparo f\u00edsico<\/p>\n<p>Com a chegada do Carnaval muito antes dos dias de feriado, existem muitos blocos de rua para curtir e festejar. Por isso, cuidar do preparo f\u00edsico ajuda muito. O Carnaval pode ajudar ainda a deixar de lado o sedentarismo. Aproveite para incluir exerc\u00edcios f\u00edsicos \u00e0 sua rotina. Pode ser uma caminhada di\u00e1ria ou qualquer outro tipo de exerc\u00edcio. O importante \u00e9 se movimentar.<\/p>\n<p>Mantenha-se hidratado<\/p>\n<p>Beba muita \u00e1gua para aguentar o tranco. O ideal \u00e9 fazer isso mesmo sem sentir sede. Lembre-se, bebida alco\u00f3lica n\u00e3o mata a sede e provoca a desidrata\u00e7\u00e3o do organismo. O aconselh\u00e1vel \u00e9 ingerir 200 ml de \u00e1gua a cada 15 minutos.<\/p>\n<p>Sem exageros<\/p>\n<p>Se consumir bebidas alco\u00f3licas, beba com modera\u00e7\u00e3o. Os efeitos do \u00e1lcool podem resultar em acidentes, discuss\u00f5es e brigas. De quebra, evitar o \u00e1lcool ajuda a se sentir bem durante e no dia seguinte, pois evita n\u00e1useas e ressacas, entre outros efeitos colaterais.<\/p>\n<p>Alimente-se adequadamente<\/p>\n<p>D\u00ea prefer\u00eancia para comidas leves, principalmente verduras, legumes e frutas, que devem ser conservadas de forma adequada. As frutas s\u00e3o excelentes para hidratar o corpo. Al\u00e9m disso, possuem fibras, que melhoram a digest\u00e3o, e a\u00e7\u00facar natural para repor a energia.<\/p>\n<p>D\u00ea um tempo<\/p>\n<p>O sono tamb\u00e9m colabora para repor a energia dispensada para acompanhar os blocos de rua. Quando cansar, pare e respeite os limites do corpo. Dormir de seis a oito horas por dia ajuda a se manter firme e disposto.<\/p>\n<p>Use prote\u00e7\u00e3o<\/p>\n<p>Se for brincar com o sol a pino, use protetor solar.<\/p>\n<p>Evite complica\u00e7\u00f5es<\/p>\n<p>Fazer sexo s\u00f3 com camisinha. Essa \u00e9 a melhor forma de se prevenir contra as DSTs (sigla para Doen\u00e7as Sexualmente Transmiss\u00edveis) e AIDS.<\/p>\n<p>http:\/\/www.saopaulo.sp.gov.br\/spnoticias\/ultimas-noticias\/<\/p>\n","protected":false},"excerpt":{"rendered":"<p>Quem est\u00e1 em S\u00e3o Paulo j\u00e1 come\u00e7ou a curtir o pr\u00e9-Carnaval nos bloquinhos que est\u00e3o acontecendo pela cidade. Por conta disso, foli\u00e3o que se preza cuida bem do organismo para aproveitar ao m\u00e1ximo todo o agito. Confira a seguir algumas dicas de sa\u00fade e divirta-se: Haja preparo f\u00edsico Com a chegada do Carnaval muito antes [&hellip;]<\/p>\n","protected":false},"author":2,"featured_media":148268,"comment_status":"open","ping_status":"closed","sticky":false,"template":"","format":"standard","meta":{"tdm_status":"","tdm_grid_status":"","footnotes":""},"categories":[22,388,5],"tags":[],"class_list":{"0":"post-169606","1":"post","2":"type-post","3":"status-publish","4":"format-standard","5":"has-post-thumbnail","7":"category-brasil","8":"category-destaques","9":"category-saude-e-vida"},"_links":{"self":[{"href":"https:\/\/migracao.redenoticia.com.br\/noticia\/wp-json\/wp\/v2\/posts\/169606","targetHints":{"allow":["GET"]}}],"collection":[{"href":"https:\/\/migracao.redenoticia.com.br\/noticia\/wp-json\/wp\/v2\/posts"}],"about":[{"href":"https:\/\/migracao.redenoticia.com.br\/noticia\/wp-json\/wp\/v2\/types\/post"}],"author":[{"embeddable":true,"href":"https:\/\/migracao.redenoticia.com.br\/noticia\/wp-json\/wp\/v2\/users\/2"}],"replies":[{"embeddable":true,"href":"https:\/\/migracao.redenoticia.com.br\/noticia\/wp-json\/wp\/v2\/comments?post=169606"}],"version-history":[{"count":0,"href":"https:\/\/migracao.redenoticia.com.br\/noticia\/wp-json\/wp\/v2\/posts\/169606\/revisions"}],"wp:featuredmedia":[{"embeddable":true,"href":"https:\/\/migracao.redenoticia.com.br\/noticia\/wp-json\/wp\/v2\/media\/148268"}],"wp:attachment":[{"href":"https:\/\/migracao.redenoticia.com.br\/noticia\/wp-json\/wp\/v2\/media?parent=169606"}],"wp:term":[{"taxonomy":"category","embeddable":true,"href":"https:\/\/migracao.redenoticia.com.br\/noticia\/wp-json\/wp\/v2\/categories?post=169606"},{"taxonomy":"post_tag","embeddable":true,"href":"https:\/\/migracao.redenoticia.com.br\/noticia\/wp-json\/wp\/v2\/tags?post=169606"}],"curies":[{"name":"wp","href":"https:\/\/api.w.org\/{rel}","templated":true}]}}