{"id":169663,"date":"2019-02-18T15:49:24","date_gmt":"2019-02-18T18:49:24","guid":{"rendered":"https:\/\/www.redenoticia.com.br\/noticia\/?p=169663"},"modified":"2019-02-18T15:49:27","modified_gmt":"2019-02-18T18:49:27","slug":"resumo-novela-cordel-encantado-19-02-acucena-descobre-que-jesuino-e-filho-de-herculano","status":"publish","type":"post","link":"https:\/\/migracao.redenoticia.com.br\/noticia\/2019\/resumo-novela-cordel-encantado-19-02-acucena-descobre-que-jesuino-e-filho-de-herculano\/169663","title":{"rendered":"Resumo novela \u201cCordel Encantado\u201d 19\/02: A\u00e7ucena descobre que Jesu\u00edno \u00e9 filho de Herculano"},"content":{"rendered":"<p><img loading=\"lazy\" decoding=\"async\" class=\"aligncenter size-large wp-image-165214\" src=\"https:\/\/migracao.redenoticia.com.br\/noticia\/imagens\/cordel-004-319x300.jpg\" alt=\"\" width=\"319\" height=\"300\" srcset=\"https:\/\/migracao.redenoticia.com.br\/noticia\/imagens\/cordel-004-319x300.jpg 319w, https:\/\/migracao.redenoticia.com.br\/noticia\/imagens\/cordel-004-199x187.jpg 199w, https:\/\/migracao.redenoticia.com.br\/noticia\/imagens\/cordel-004-150x141.jpg 150w, https:\/\/migracao.redenoticia.com.br\/noticia\/imagens\/cordel-004.jpg 669w, https:\/\/migracao.redenoticia.com.br\/noticia\/imagens\/cordel-004-560x527.jpg 560w\" sizes=\"auto, (max-width: 319px) 100vw, 319px\" \/><strong><em>Resumo novela \u201cCordel Encantado\u201d 19\/02 <\/em><\/strong>: no cap\u00edtulo 026(*) da novela, resumo de ter\u00e7a-feira, 19 de fevereiro, Jesu\u00edno vai embora do pal\u00e1cio sob o olhar desconfiado de Augusto. Herculano decide ir embora e Pen\u00e9lope fica furiosa de ser expulsa do acampamento. Petrus pensa em Florinda. \u00darsula sugere que Augusto d\u00ea a Jesu\u00edno o t\u00edtulo de cavaleiro de Ser\u00e1fia. Bel beija Pen\u00e9lope. Augusto e Helena pedem para fazer a cerim\u00f4nia de condecora\u00e7\u00e3o a Jesu\u00edno na igreja. Benvinda teme por seu filho ao saber o que ele fez para salvar In\u00e1cio. Florinda v\u00ea Petrus no cinema e desmaia. Padre Joaquim aconselha Jesu\u00edno a aceitar a homenagem de Augusto. Florinda revela para Zen\u00f3bio que viu o homem mascarado. Tim\u00f3teo planeja atrapalhar a homenagem ao seu rival. Jesu\u00edno decide aceitar a homenagem de Augusto.<\/p>\n<p>Tim\u00f3teo tenta avan\u00e7ar contra Jesu\u00edno, mas \u00e9 impedido por Tibungo e Bator\u00e9. C\u00e2ndida n\u00e3o consegue convencer Herculano a ir atr\u00e1s do filho. Florinda tenta se aproximar de Petrus. Augusto pede para Jesu\u00edno salvar Ser\u00e1fia e deixar A\u00e7ucena se casar com Felipe. Dora e Felipe discutem. Augusto e Helena v\u00e3o at\u00e9 a fazenda para acertar o casamento de In\u00e1cio e Ant\u00f4nia. C\u00e2ndida conversa com Jesu\u00edno. Bator\u00e9 v\u00ea Ant\u00f4nia e In\u00e1cio se beijando. Florinda leva Petrus at\u00e9 Zen\u00f3bio, que o ajuda a tirar sua m\u00e1scara. A\u00e7ucena v\u00ea Jesu\u00edno e C\u00e2ndida juntos. \u00darsula tem um pesadelo com Petrus. Jesu\u00edno conta para A\u00e7ucena que \u00e9 filho de Herculano.<\/p>\n<p>(*) edi\u00e7\u00e3o da Rede Globo, Novela \u201cCordel Encantado\u201d, sujeito a altera\u00e7\u00e3o de data e conte\u00fado.<\/p>\n<p>Sinopse \u201cCordel Encantado\u201d: Vendo o marido muito ferido, depois de mais uma terr\u00edvel batalha, a rainha Helena (Mariana Lima) vai ao castelo inimigo amaldi\u00e7oar toda a fam\u00edlia do rei Augusto. Faz isso gr\u00e1vida de In\u00e1cio (Maur\u00edcio Destri) e acompanhada de seu filho mais velho, Felipe (Jayme Matarazzo). O monarca se comove com a dor de Helena e, por sugest\u00e3o de Cristina, prop\u00f5e um acordo a Teobaldo, ferido mortalmente: seus primog\u00eanitos Aurora e Felipe devem se casar quando atingirem a maior idade, unificando e trazendo paz aos dois estados. Teobaldo aceita o acordo e morre logo depois. As duas crian\u00e7as s\u00e3o apresentadas publicamente como os futuros reis de Ser\u00e1fia.<\/p>\n<p>Seguindo a interpreta\u00e7\u00e3o on\u00edrica feita por Amadeus, uma longa viagem come\u00e7a a ser planejada. Zen\u00f3bio Alfredo (Guilherme Fontes), bot\u00e2nico de Ser\u00e1fia do Norte, que estava no Brasil envolvido com pesquisas cient\u00edficas, traz ao rei not\u00edcias de um tesouro, escondido em terras tropicais pelo fundador do reino, Dom Serafim. O bot\u00e2nico sugere que o rei financie uma expedi\u00e7\u00e3o a Brogod\u00f3, e Augusto, amante das ci\u00eancias e das aventuras, n\u00e3o s\u00f3 concorda com a ideia como faz quest\u00e3o de liderar a empreitada. O rei s\u00f3 n\u00e3o contava que sua esposa, a rainha Cristina, resolveria acompanh\u00e1-lo, levando consigo a pequena Aurora.<\/p>\n","protected":false},"excerpt":{"rendered":"<p>Resumo novela \u201cCordel Encantado\u201d 19\/02 : no cap\u00edtulo 026(*) da novela, resumo de ter\u00e7a-feira, 19 de fevereiro, Jesu\u00edno vai embora do pal\u00e1cio sob o olhar desconfiado de Augusto. Herculano decide ir embora e Pen\u00e9lope fica furiosa de ser expulsa do acampamento. Petrus pensa em Florinda. \u00darsula sugere que Augusto d\u00ea a Jesu\u00edno o t\u00edtulo de [&hellip;]<\/p>\n","protected":false},"author":4,"featured_media":165215,"comment_status":"open","ping_status":"closed","sticky":false,"template":"","format":"standard","meta":{"tdm_status":"","tdm_grid_status":"","footnotes":""},"categories":[535,379,375,343],"tags":[441],"class_list":{"0":"post-169663","1":"post","2":"type-post","3":"status-publish","4":"format-standard","5":"has-post-thumbnail","7":"category-cordel-encantado","8":"category-novelas","9":"category-rede-globo","10":"category-televisao","11":"tag-resumo-do-dia"},"_links":{"self":[{"href":"https:\/\/migracao.redenoticia.com.br\/noticia\/wp-json\/wp\/v2\/posts\/169663","targetHints":{"allow":["GET"]}}],"collection":[{"href":"https:\/\/migracao.redenoticia.com.br\/noticia\/wp-json\/wp\/v2\/posts"}],"about":[{"href":"https:\/\/migracao.redenoticia.com.br\/noticia\/wp-json\/wp\/v2\/types\/post"}],"author":[{"embeddable":true,"href":"https:\/\/migracao.redenoticia.com.br\/noticia\/wp-json\/wp\/v2\/users\/4"}],"replies":[{"embeddable":true,"href":"https:\/\/migracao.redenoticia.com.br\/noticia\/wp-json\/wp\/v2\/comments?post=169663"}],"version-history":[{"count":0,"href":"https:\/\/migracao.redenoticia.com.br\/noticia\/wp-json\/wp\/v2\/posts\/169663\/revisions"}],"wp:featuredmedia":[{"embeddable":true,"href":"https:\/\/migracao.redenoticia.com.br\/noticia\/wp-json\/wp\/v2\/media\/165215"}],"wp:attachment":[{"href":"https:\/\/migracao.redenoticia.com.br\/noticia\/wp-json\/wp\/v2\/media?parent=169663"}],"wp:term":[{"taxonomy":"category","embeddable":true,"href":"https:\/\/migracao.redenoticia.com.br\/noticia\/wp-json\/wp\/v2\/categories?post=169663"},{"taxonomy":"post_tag","embeddable":true,"href":"https:\/\/migracao.redenoticia.com.br\/noticia\/wp-json\/wp\/v2\/tags?post=169663"}],"curies":[{"name":"wp","href":"https:\/\/api.w.org\/{rel}","templated":true}]}}