{"id":1697,"date":"2009-05-16T16:58:25","date_gmt":"2009-05-16T20:58:25","guid":{"rendered":"http:\/\/www.redenoticia.com.br\/noticia\/?p=1697"},"modified":"2009-05-16T16:58:25","modified_gmt":"2009-05-16T20:58:25","slug":"defensores-publicos-se-mobilizam-em-mutiroes-de-atendimento-no-pais","status":"publish","type":"post","link":"https:\/\/migracao.redenoticia.com.br\/noticia\/2009\/defensores-publicos-se-mobilizam-em-mutiroes-de-atendimento-no-pais\/1697","title":{"rendered":"Defensores p\u00fablicos se mobilizam em mutir\u00f5es de atendimento no pa\u00eds"},"content":{"rendered":"<p><span style=\"font-family: Arial;\">Esta semana<\/span> defensores p\u00fablicos promovem mutir\u00f5es de atendimento para receber as demandas da popula\u00e7\u00e3o. Em todo o territ\u00f3rio nacional, \u00e0 exce\u00e7\u00e3o de Santa Catarina, as pessoas podem procurar a Defensoria P\u00fablica para fazer a formaliza\u00e7\u00e3o de div\u00f3rcio, pedido pens\u00e3o aliment\u00edcia, investiga\u00e7\u00e3o de paternidade, solicita\u00e7\u00e3o de registro civil, defesa em a\u00e7\u00e3o de despejo, reconhecimento de propriedade, intermedia\u00e7\u00e3o de conflito com vizinhos, e aplica\u00e7\u00e3o do direito do consumidor.<\/p>\n<p><span style=\"font-family: Arial; color: windowtext;\"><br \/>\nSegundo Andr\u00e9 Castro, presidente da Associa\u00e7\u00e3o Nacional dos Defensores P\u00fablicos (Anadep), pode solicitar os servi\u00e7os da defensoria \u201co cidad\u00e3o que declare que n\u00e3o tem condi\u00e7\u00f5es de pagar advogado e \u00a0nem as custas do processo sem o preju\u00edzo de seu sustento e da sua fam\u00edlia\u201d. O direito \u00e0 defensoria est\u00e1 previsto na Constitui\u00e7\u00e3o Federal (artigos 133 a 135), mas n\u00e3o h\u00e1 \u201co reconhecimento dos direitos estabelecidos no dia a dia das pessoas\u201d, disse.<\/p>\n<p>O presidente da Anadep entende que o n\u00famero de defensores deve ser equivalente ao de ju\u00edzes e de promotores de justi\u00e7a, mas, segundo ele, a rela\u00e7\u00e3o atualmente \u00e9 de um defensor para cada quatro ju\u00edzes. H\u00e1 20 mil ju\u00edzes no pa\u00eds, contra 5 mil defensores. De acordo com o levantamento feito em 2005 pelo Minist\u00e9rio da Justi\u00e7a, apenas 40% das cidades brasileiras t\u00eam defensoria. Falta defensor p\u00fablico nas cidades do interior e na periferia das regi\u00f5es metropolitanas.<\/p>\n<p>Quanto aos estados, Santa Catarina ainda n\u00e3o tem defensoria p\u00fablica. Andr\u00e9 Castro aponta a pouca \u201cvontade pol\u00edtica\u201d do governo e do Legislativo como explica\u00e7\u00e3o. Conforme a Anadep,\u00a0 o Maranh\u00e3o e o Rio Grande do Norte tem o atendimento mais prec\u00e1rio enquanto Mato Grosso do Sul e o Rio de <\/span><span class=\"object\"><span style=\"border: 1pt solid green; padding: 0cm; font-size: 8.5pt; font-family: Arial; color: windowtext;\">Janeiro<\/span><\/span><span style=\"font-family: Arial; color: windowtext;\"> possuem o melhor atendimento e quase universalizadonas comarcas.<\/p>\n<p>At\u00e9 mesmo o Distrito Federal tem car\u00eancia de 37 defensores, conta o Subdiretor da Defensoria P\u00fablica do DF, Stefano Borges Pedroso. Em sua avalia\u00e7\u00e3o, a falta de defensores \u00e9 reveladora da \u201ccultura do Estado opressor, repressor e n\u00e3o defensor\u201d. Andr\u00e9 Castro concorda: \u201cO estado tem que ser mais garantidor dos direitos das pessoas\u201d.<\/p>\n<p>O cidad\u00e3o interessado em ser atendido durante os mutir\u00f5es que ocorrem ao longo da semana dever\u00e1 comparecer aos locais destinados para a mobiliza\u00e7\u00e3o, levando os seguintes documentos: identidade e CPF, comprovantes de resid\u00eancia, renda e bens, certid\u00e3o de casamento e de nascimento dos filhos, se necess\u00e1rio. Em caso de direito j\u00e1 estabelecido, deve apresentar a senten\u00e7a judicial. O contato das defensorias pode ser obtido nos f\u00f3runs de Justi\u00e7a de cada localidade.<\/span><\/p>\n<p><span class=\"assinatura11\"><span style=\"font-size: 8.5pt; font-family: Arial; color: windowtext;\">Gilberto Costa <\/span><\/span><span style=\"font-family: Arial;\"><br \/>\n<\/span><span class=\"assinatura11\"><em><span style=\"font-size: 8.5pt; font-family: Arial; color: windowtext;\">Rep\u00f3rter da Ag\u00eancia Brasil<\/span><\/em><\/span><span style=\"font-family: Arial; color: windowtext;\"><\/span><\/p>\n","protected":false},"excerpt":{"rendered":"<p>Esta semana defensores p\u00fablicos promovem mutir\u00f5es de atendimento para receber as demandas da popula\u00e7\u00e3o. Em todo o territ\u00f3rio nacional, \u00e0 exce\u00e7\u00e3o de Santa Catarina, as pessoas podem procurar a Defensoria P\u00fablica para fazer a formaliza\u00e7\u00e3o de div\u00f3rcio, pedido pens\u00e3o aliment\u00edcia, investiga\u00e7\u00e3o de paternidade, solicita\u00e7\u00e3o de registro civil, defesa em a\u00e7\u00e3o de despejo, reconhecimento de propriedade, [&hellip;]<\/p>\n","protected":false},"author":3,"featured_media":0,"comment_status":"open","ping_status":"open","sticky":false,"template":"","format":"standard","meta":{"tdm_status":"","tdm_grid_status":"","footnotes":""},"categories":[22],"tags":[],"class_list":{"0":"post-1697","1":"post","2":"type-post","3":"status-publish","4":"format-standard","6":"category-brasil"},"_links":{"self":[{"href":"https:\/\/migracao.redenoticia.com.br\/noticia\/wp-json\/wp\/v2\/posts\/1697","targetHints":{"allow":["GET"]}}],"collection":[{"href":"https:\/\/migracao.redenoticia.com.br\/noticia\/wp-json\/wp\/v2\/posts"}],"about":[{"href":"https:\/\/migracao.redenoticia.com.br\/noticia\/wp-json\/wp\/v2\/types\/post"}],"author":[{"embeddable":true,"href":"https:\/\/migracao.redenoticia.com.br\/noticia\/wp-json\/wp\/v2\/users\/3"}],"replies":[{"embeddable":true,"href":"https:\/\/migracao.redenoticia.com.br\/noticia\/wp-json\/wp\/v2\/comments?post=1697"}],"version-history":[{"count":0,"href":"https:\/\/migracao.redenoticia.com.br\/noticia\/wp-json\/wp\/v2\/posts\/1697\/revisions"}],"wp:attachment":[{"href":"https:\/\/migracao.redenoticia.com.br\/noticia\/wp-json\/wp\/v2\/media?parent=1697"}],"wp:term":[{"taxonomy":"category","embeddable":true,"href":"https:\/\/migracao.redenoticia.com.br\/noticia\/wp-json\/wp\/v2\/categories?post=1697"},{"taxonomy":"post_tag","embeddable":true,"href":"https:\/\/migracao.redenoticia.com.br\/noticia\/wp-json\/wp\/v2\/tags?post=1697"}],"curies":[{"name":"wp","href":"https:\/\/api.w.org\/{rel}","templated":true}]}}