{"id":169752,"date":"2019-02-23T11:49:40","date_gmt":"2019-02-23T14:49:40","guid":{"rendered":"https:\/\/www.redenoticia.com.br\/noticia\/?p=169752"},"modified":"2019-02-23T18:08:29","modified_gmt":"2019-02-23T21:08:29","slug":"novela-verao-90-jeronimo-conta-que-quinzinho-matou-nicole","status":"publish","type":"post","link":"https:\/\/migracao.redenoticia.com.br\/noticia\/2019\/novela-verao-90-jeronimo-conta-que-quinzinho-matou-nicole\/169752","title":{"rendered":"Novela \u201cVer\u00e3o 90\u201d: Jer\u00f4nimo conta que Quinzinho matou Nicole"},"content":{"rendered":"<p><strong><em><img loading=\"lazy\" decoding=\"async\" class=\"aligncenter size-large wp-image-168049\" src=\"https:\/\/migracao.redenoticia.com.br\/noticia\/imagens\/verao-90-novela-resumo-viloes-267x300.jpg\" alt=\"\" width=\"267\" height=\"300\" srcset=\"https:\/\/migracao.redenoticia.com.br\/noticia\/imagens\/verao-90-novela-resumo-viloes-267x300.jpg 267w, https:\/\/migracao.redenoticia.com.br\/noticia\/imagens\/verao-90-novela-resumo-viloes-167x187.jpg 167w, https:\/\/migracao.redenoticia.com.br\/noticia\/imagens\/verao-90-novela-resumo-viloes.jpg 497w\" sizes=\"auto, (max-width: 267px) 100vw, 267px\" \/>Novela \u201cVer\u00e3o 90\u201d:<\/em><\/strong> Jer\u00f4nimo (Jesu\u00edta Barbosa) conta para Mercedes (Totia Meireles) que Quinzinho (Caio Paduan) matou Nicole (B\u00e1rbara Fran\u00e7a): \u201cAgora voc\u00ea entende porque eu achei melhor conversar sozinho com voc\u00ea, Mercedes. O Quinzinho t\u00e1 muito abalado, ele n\u00e3o t\u00e1 em condi\u00e7\u00f5es nem de ouvir essa hist\u00f3ria mais. Mercedes, o Quinzinho n\u00e3o teve culpa do que aconteceu. Ele e Nicole estavam brigando, ela se desequilibrou\u2026 Uma fatalidade. Mas a verdade \u00e9 que a fam\u00edlia de voc\u00eas \u00e9 muito conhecida, um esc\u00e2ndalo como esse\u2026\u201d.<\/p>\n<p>Mercedes pergunta o que ele quer em troca: \u201cMesmo que Quinzinho n\u00e3o fosse preso, o futuro dele estaria acabado. E o seu irm\u00e3o concorda em cooperar? N\u00f3s podemos pagar bons advogados e ele sairia dessa hist\u00f3ria com uma bela quantia\u2026\u201d. Jer\u00f4nimo responde: \u201cInfelizmente, o meu irm\u00e3o n\u00e3o \u00e9 t\u00e3o esperto, Mercedes. Ele vai tentar provar a inoc\u00eancia dele\u201d.<\/p>\n<p>Mercedes pergunta o porqu\u00ea dele ter incriminado o irm\u00e3o e ele declara: \u201cMeu irm\u00e3o tava desacordado. A gente brigou e ele bateu com a cabe\u00e7a. Eu mesmo coloquei ele do lado da Nicole. Mercedes, eu sei que voc\u00ea \u00e9 o c\u00e9rebro dessa fam\u00edlia, ent\u00e3o eu n\u00e3o vou tentar te enrolar. Eu vim pro Rio de Janeiro para me aproximar dos Ferreira Lima. Tudo que eu fiz, desde que cheguei a essa cidade, foi pra cair nas gra\u00e7as de voc\u00eas.\u201d<\/p>\n<p>Sinopse \u201cVer\u00e3o 90\u201d: O Rio de Janeiro da d\u00e9cada de 1990, a cultura efervescente da \u00e9poca, os acontecimentos sociais e pol\u00edticos, a m\u00fasica e a moda est\u00e3o presentes em \u2018Ver\u00e3o 90\u2019, uma com\u00e9dia rom\u00e2ntica, solar e musical, escrita por Izabel de Oliveira e Paula Amaral, com dire\u00e7\u00e3o art\u00edstica de Jorge Fernando. A pr\u00f3xima novela das sete vai mostrar a trajet\u00f3ria de tr\u00eas ex-astros mirins e suas m\u00e3es batalhadoras, Lidiane (Claudia Raia) e Jana\u00edna (Dira Paes), cada uma a seu modo. A previs\u00e3o de estreia \u00e9 para o in\u00edcio de 2019. A hist\u00f3ria rom\u00e2ntica e musical que tem como protagonistas o trio Jo\u00e3o (Jo\u00e3o Bravo\/Rafael Vitti), Manuzita (Melissa N\u00f3brega\/Isabelle Drummond) e Jer\u00f4nimo (Diogo Caruso\/Jesu\u00edta Barbosa).<\/p>\n","protected":false},"excerpt":{"rendered":"<p>Novela \u201cVer\u00e3o 90\u201d: Jer\u00f4nimo (Jesu\u00edta Barbosa) conta para Mercedes (Totia Meireles) que Quinzinho (Caio Paduan) matou Nicole (B\u00e1rbara Fran\u00e7a): \u201cAgora voc\u00ea entende porque eu achei melhor conversar sozinho com voc\u00ea, Mercedes. O Quinzinho t\u00e1 muito abalado, ele n\u00e3o t\u00e1 em condi\u00e7\u00f5es nem de ouvir essa hist\u00f3ria mais. Mercedes, o Quinzinho n\u00e3o teve culpa do que [&hellip;]<\/p>\n","protected":false},"author":2,"featured_media":167198,"comment_status":"open","ping_status":"closed","sticky":false,"template":"","format":"standard","meta":{"tdm_status":"","tdm_grid_status":"","footnotes":""},"categories":[388,379,375,343,536],"tags":[440],"class_list":{"0":"post-169752","1":"post","2":"type-post","3":"status-publish","4":"format-standard","5":"has-post-thumbnail","7":"category-destaques","8":"category-novelas","9":"category-rede-globo","10":"category-televisao","11":"category-verao-90","12":"tag-noticia-novela"},"_links":{"self":[{"href":"https:\/\/migracao.redenoticia.com.br\/noticia\/wp-json\/wp\/v2\/posts\/169752","targetHints":{"allow":["GET"]}}],"collection":[{"href":"https:\/\/migracao.redenoticia.com.br\/noticia\/wp-json\/wp\/v2\/posts"}],"about":[{"href":"https:\/\/migracao.redenoticia.com.br\/noticia\/wp-json\/wp\/v2\/types\/post"}],"author":[{"embeddable":true,"href":"https:\/\/migracao.redenoticia.com.br\/noticia\/wp-json\/wp\/v2\/users\/2"}],"replies":[{"embeddable":true,"href":"https:\/\/migracao.redenoticia.com.br\/noticia\/wp-json\/wp\/v2\/comments?post=169752"}],"version-history":[{"count":0,"href":"https:\/\/migracao.redenoticia.com.br\/noticia\/wp-json\/wp\/v2\/posts\/169752\/revisions"}],"wp:featuredmedia":[{"embeddable":true,"href":"https:\/\/migracao.redenoticia.com.br\/noticia\/wp-json\/wp\/v2\/media\/167198"}],"wp:attachment":[{"href":"https:\/\/migracao.redenoticia.com.br\/noticia\/wp-json\/wp\/v2\/media?parent=169752"}],"wp:term":[{"taxonomy":"category","embeddable":true,"href":"https:\/\/migracao.redenoticia.com.br\/noticia\/wp-json\/wp\/v2\/categories?post=169752"},{"taxonomy":"post_tag","embeddable":true,"href":"https:\/\/migracao.redenoticia.com.br\/noticia\/wp-json\/wp\/v2\/tags?post=169752"}],"curies":[{"name":"wp","href":"https:\/\/api.w.org\/{rel}","templated":true}]}}