{"id":169786,"date":"2019-02-19T15:47:20","date_gmt":"2019-02-19T18:47:20","guid":{"rendered":"https:\/\/www.redenoticia.com.br\/noticia\/?p=169786"},"modified":"2019-02-19T15:47:22","modified_gmt":"2019-02-19T18:47:22","slug":"resumo-novela-cordel-encantado-20-02-timoteo-tem-um-ataque-de-furia","status":"publish","type":"post","link":"https:\/\/migracao.redenoticia.com.br\/noticia\/2019\/resumo-novela-cordel-encantado-20-02-timoteo-tem-um-ataque-de-furia\/169786","title":{"rendered":"Resumo novela \u201cCordel Encantado\u201d 20\/02: Tim\u00f3teo tem um ataque de f\u00faria"},"content":{"rendered":"<p><img loading=\"lazy\" decoding=\"async\" class=\"aligncenter size-large wp-image-165214\" src=\"https:\/\/migracao.redenoticia.com.br\/noticia\/imagens\/cordel-004-319x300.jpg\" alt=\"\" width=\"319\" height=\"300\" srcset=\"https:\/\/migracao.redenoticia.com.br\/noticia\/imagens\/cordel-004-319x300.jpg 319w, https:\/\/migracao.redenoticia.com.br\/noticia\/imagens\/cordel-004-199x187.jpg 199w, https:\/\/migracao.redenoticia.com.br\/noticia\/imagens\/cordel-004-150x141.jpg 150w, https:\/\/migracao.redenoticia.com.br\/noticia\/imagens\/cordel-004.jpg 669w, https:\/\/migracao.redenoticia.com.br\/noticia\/imagens\/cordel-004-560x527.jpg 560w\" sizes=\"auto, (max-width: 319px) 100vw, 319px\" \/><strong><em>Resumo novela \u201cCordel Encantado\u201d 20\/02 <\/em><\/strong>: no cap\u00edtulo 027(*) da novela, resumo de quarta-feira, 20 de fevereiro, A\u00e7ucena fica espantada com a revela\u00e7\u00e3o de Jesu\u00edno. Zen\u00f3bio reconhece Petrus e diz a Florinda que contar\u00e1 a Augusto que ele est\u00e1 vivo. In\u00e1cio e Ant\u00f4nia marcam a data do casamento. Augusto e Tim\u00f3teo ficam incomodados ao saber que o casamento de A\u00e7ucena e Jesu\u00edno est\u00e1 pr\u00f3ximo. Neusa consola Bator\u00e9. Bartira chora por causa de Farid. Pen\u00e9lope prop\u00f5e que Pat\u00e1cio homenageie Herculano em uma sess\u00e3o de cinema.<\/p>\n<p>Augusto fala para Baldini que est\u00e1 disposto a tudo para impedir o casamento de sua filha. Tim\u00f3teo tem um ataque de f\u00faria e Benvinda e Ant\u00f4nia ficam apavoradas. Virtuosa arruma o vestido de noiva de A\u00e7ucena. Zen\u00f3bio fica enciumado com o carinho com que Florinda trata Petrus. Tim\u00f3teo diz que Bator\u00e9 pode levar Ant\u00f4nia embora se ele prometer ajud\u00e1-lo a acabar com o casamento de A\u00e7ucena e Jesu\u00edno.<\/p>\n<p>Bator\u00e9 retira Ant\u00f4nia \u00e0 for\u00e7a do carro de Tim\u00f3teo. Todos na igreja estranham a demora da noiva. Bator\u00e9 atropela uma mulher na estrada para fugir de In\u00e1cio. Lilica ouve o coronel dizer que vai acabar com Jesu\u00edno no dia do seu casamento. Benvinda implora que Herculano proteja seu filho de Tim\u00f3teo. In\u00e1cio resgata Ant\u00f4nia, mas se desespera por n\u00e3o conseguir salvar a mulher que Bator\u00e9 atropelou.<\/p>\n<p>Tim\u00f3teo mente sobre Ant\u00f4nia para Augusto, Helena, Felipe e Dora. Lilica conta para Nicolau que o coronel pretende agir contra Jesu\u00edno. Zen\u00f3bio fica incomodado com o jeito com que Florinda trata Petrus. In\u00e1cio promete cuidar dos filhos da mulher que Bator\u00e9 atropelou. \u00darsula conta o plano de Tim\u00f3teo para Herculano. Migu\u00e9zim consola In\u00e1cio. Bator\u00e9 pede que Tim\u00f3teo ajude-o a pegar Ant\u00f4nia. \u00darsula ouve o plano de Augusto para impedir o casamento de Jesu\u00edno e A\u00e7ucena.<\/p>\n<p>(*) edi\u00e7\u00e3o da Rede Globo, Novela \u201cCordel Encantado\u201d, sujeito a altera\u00e7\u00e3o de data e conte\u00fado.<\/p>\n<p>Sinopse \u201cCordel Encantado\u201d: Vendo o marido muito ferido, depois de mais uma terr\u00edvel batalha, a rainha Helena (Mariana Lima) vai ao castelo inimigo amaldi\u00e7oar toda a fam\u00edlia do rei Augusto. Faz isso gr\u00e1vida de In\u00e1cio (Maur\u00edcio Destri) e acompanhada de seu filho mais velho, Felipe (Jayme Matarazzo). O monarca se comove com a dor de Helena e, por sugest\u00e3o de Cristina, prop\u00f5e um acordo a Teobaldo, ferido mortalmente: seus primog\u00eanitos Aurora e Felipe devem se casar quando atingirem a maior idade, unificando e trazendo paz aos dois estados. Teobaldo aceita o acordo e morre logo depois. As duas crian\u00e7as s\u00e3o apresentadas publicamente como os futuros reis de Ser\u00e1fia.<\/p>\n<p>Seguindo a interpreta\u00e7\u00e3o on\u00edrica feita por Amadeus, uma longa viagem come\u00e7a a ser planejada. Zen\u00f3bio Alfredo (Guilherme Fontes), bot\u00e2nico de Ser\u00e1fia do Norte, que estava no Brasil envolvido com pesquisas cient\u00edficas, traz ao rei not\u00edcias de um tesouro, escondido em terras tropicais pelo fundador do reino, Dom Serafim. O bot\u00e2nico sugere que o rei financie uma expedi\u00e7\u00e3o a Brogod\u00f3, e Augusto, amante das ci\u00eancias e das aventuras, n\u00e3o s\u00f3 concorda com a ideia como faz quest\u00e3o de liderar a empreitada. O rei s\u00f3 n\u00e3o contava que sua esposa, a rainha Cristina, resolveria acompanh\u00e1-lo, levando consigo a pequena Aurora.<\/p>\n","protected":false},"excerpt":{"rendered":"<p>Resumo novela \u201cCordel Encantado\u201d 20\/02 : no cap\u00edtulo 027(*) da novela, resumo de quarta-feira, 20 de fevereiro, A\u00e7ucena fica espantada com a revela\u00e7\u00e3o de Jesu\u00edno. Zen\u00f3bio reconhece Petrus e diz a Florinda que contar\u00e1 a Augusto que ele est\u00e1 vivo. In\u00e1cio e Ant\u00f4nia marcam a data do casamento. Augusto e Tim\u00f3teo ficam incomodados ao saber [&hellip;]<\/p>\n","protected":false},"author":4,"featured_media":165215,"comment_status":"open","ping_status":"closed","sticky":false,"template":"","format":"standard","meta":{"tdm_status":"","tdm_grid_status":"","footnotes":""},"categories":[535,379,375,343],"tags":[441],"class_list":{"0":"post-169786","1":"post","2":"type-post","3":"status-publish","4":"format-standard","5":"has-post-thumbnail","7":"category-cordel-encantado","8":"category-novelas","9":"category-rede-globo","10":"category-televisao","11":"tag-resumo-do-dia"},"_links":{"self":[{"href":"https:\/\/migracao.redenoticia.com.br\/noticia\/wp-json\/wp\/v2\/posts\/169786","targetHints":{"allow":["GET"]}}],"collection":[{"href":"https:\/\/migracao.redenoticia.com.br\/noticia\/wp-json\/wp\/v2\/posts"}],"about":[{"href":"https:\/\/migracao.redenoticia.com.br\/noticia\/wp-json\/wp\/v2\/types\/post"}],"author":[{"embeddable":true,"href":"https:\/\/migracao.redenoticia.com.br\/noticia\/wp-json\/wp\/v2\/users\/4"}],"replies":[{"embeddable":true,"href":"https:\/\/migracao.redenoticia.com.br\/noticia\/wp-json\/wp\/v2\/comments?post=169786"}],"version-history":[{"count":0,"href":"https:\/\/migracao.redenoticia.com.br\/noticia\/wp-json\/wp\/v2\/posts\/169786\/revisions"}],"wp:featuredmedia":[{"embeddable":true,"href":"https:\/\/migracao.redenoticia.com.br\/noticia\/wp-json\/wp\/v2\/media\/165215"}],"wp:attachment":[{"href":"https:\/\/migracao.redenoticia.com.br\/noticia\/wp-json\/wp\/v2\/media?parent=169786"}],"wp:term":[{"taxonomy":"category","embeddable":true,"href":"https:\/\/migracao.redenoticia.com.br\/noticia\/wp-json\/wp\/v2\/categories?post=169786"},{"taxonomy":"post_tag","embeddable":true,"href":"https:\/\/migracao.redenoticia.com.br\/noticia\/wp-json\/wp\/v2\/tags?post=169786"}],"curies":[{"name":"wp","href":"https:\/\/api.w.org\/{rel}","templated":true}]}}