{"id":1698,"date":"2009-05-16T17:01:28","date_gmt":"2009-05-16T21:01:28","guid":{"rendered":"http:\/\/www.redenoticia.com.br\/noticia\/?p=1698"},"modified":"2009-05-16T17:01:28","modified_gmt":"2009-05-16T21:01:28","slug":"serasa-mostra-que-inadimplencia-aumentou-89-em-abril-mas-perde-ritmo","status":"publish","type":"post","link":"https:\/\/migracao.redenoticia.com.br\/noticia\/2009\/serasa-mostra-que-inadimplencia-aumentou-89-em-abril-mas-perde-ritmo\/1698","title":{"rendered":"Serasa mostra que inadimpl\u00eancia aumentou 8,9% em abril, mas perde ritmo"},"content":{"rendered":"<p class=\"MsoNormal\"><span style=\"font-family: Arial; display: none;\"> <\/span><\/p>\n<p style=\"margin: 0cm 0cm 0.0001pt;\"><span style=\"font-family: Arial; color: windowtext;\"> A inadimpl\u00eancia da pessoa f\u00edsica aumentou 8,9% em <\/span><span class=\"object\"><span style=\"border: 1pt solid green; padding: 0cm; font-size: 8.5pt; font-family: Arial; color: windowtext;\">abril<\/span><\/span><span style=\"font-family: Arial; color: windowtext;\">, comparado ao mesmo m\u00eas de 2008, e chega a 10,8% de <\/span><span class=\"object\"><span style=\"border: 1pt solid green; padding: 0cm; font-size: 8.5pt; font-family: Arial; color: windowtext;\">janeiro<\/span><\/span><span style=\"font-family: Arial; color: windowtext;\"> a <\/span><span class=\"object\"><span style=\"border: 1pt solid green; padding: 0cm; font-size: 8.5pt; font-family: Arial; color: windowtext;\">abril<\/span><\/span><span style=\"font-family: Arial; color: windowtext;\"> deste ano, em rela\u00e7\u00e3o a igual per\u00edodo do ano passado, de acordo com a pesquisa da Serasa Experian, divulgada hoje (15).<\/p>\n<p>O Indicador Serasa ressalta, por\u00e9m, que as eleva\u00e7\u00f5es s\u00e3o menores que em <\/span><span class=\"object\"><span style=\"border: 1pt solid green; padding: 0cm; font-size: 8.5pt; font-family: Arial; color: windowtext;\">mar<\/span><\/span><span style=\"font-family: Arial; color: windowtext;\">\u00e7o, quando a inadimpl\u00eancia cresceu 16,6% sobre o mesmo m\u00eas de 2008 e atingiu 11,4% a mais no trimestre de <\/span><span class=\"object\"><span style=\"border: 1pt solid green; padding: 0cm; font-size: 8.5pt; font-family: Arial; color: windowtext;\">janeiro<\/span><\/span><span style=\"font-family: Arial; color: windowtext;\"> a <\/span><span class=\"object\"><span style=\"border: 1pt solid green; padding: 0cm; font-size: 8.5pt; font-family: Arial; color: windowtext;\">mar<\/span><\/span><span style=\"font-family: Arial; color: windowtext;\">\u00e7o, em rela\u00e7\u00e3o ao primeiro trimestre do ano passado. Isso porque houve redu\u00e7\u00e3o de 9,5% na inadimpl\u00eancia da pessoa f\u00edsica em <\/span><span class=\"object\"><span style=\"border: 1pt solid green; padding: 0cm; font-size: 8.5pt; font-family: Arial; color: windowtext;\">abril<\/span><\/span><span style=\"font-family: Arial; color: windowtext;\">, comparado a <\/span><span class=\"object\"><span style=\"border: 1pt solid green; padding: 0cm; font-size: 8.5pt; font-family: Arial; color: windowtext;\">mar<\/span><\/span><span style=\"font-family: Arial; color: windowtext;\">\u00e7o.<\/p>\n<p>Foi o maior recuo mensal registrado pela Serasa desde <\/span><span class=\"object\"><span style=\"border: 1pt solid green; padding: 0cm; font-size: 8.5pt; font-family: Arial; color: windowtext;\">junho<\/span><\/span><span style=\"font-family: Arial; color: windowtext;\"> de 2006, atribu\u00eddo em parte ao efeito calend\u00e1rio, pois <\/span><span class=\"object\"><span style=\"border: 1pt solid green; padding: 0cm; font-size: 8.5pt; font-family: Arial; color: windowtext;\">abril<\/span><\/span><span style=\"font-family: Arial; color: windowtext;\"> teve 20 dias \u00fateis, contra 22 dias de <\/span><span class=\"object\"><span style=\"border: 1pt solid green; padding: 0cm; font-size: 8.5pt; font-family: Arial; color: windowtext;\">mar<\/span><\/span><span style=\"font-family: Arial; color: windowtext;\">\u00e7o.<\/p>\n<p>Al\u00e9m disso, os analistas envolvidos na pesquisa lembram que <\/span><span class=\"object\"><span style=\"border: 1pt solid green; padding: 0cm; font-size: 8.5pt; font-family: Arial; color: windowtext;\">abril<\/span><\/span><span style=\"font-family: Arial; color: windowtext;\"> marca o fim do per\u00edodo mais cr\u00edtico de despesas para o consumidor, \u00e0s voltas com pagamentos de Imposto Predial Territorial Urbano (IPTU), Imposto sobre a Propriedade de Ve\u00edculos Automotores (IPVA) e despesas escolares.<\/p>\n<p>Eles conclu\u00edram que a inadimpl\u00eancia do consumidor continua crescendo, mas em ritmo menor que nos primeiros meses de 2009, e dizem que a expans\u00e3o \u00e9 devida, em grande parte, ao desemprego em eleva\u00e7\u00e3o, por causa da menor atividade econ\u00f4mica <\/span><span class=\"object\"><span style=\"border: 1pt solid green; padding: 0cm; font-size: 8.5pt; font-family: Arial; color: windowtext;\">dom<\/span><\/span><span style=\"font-family: Arial; color: windowtext;\">\u00e9stica, provocada pela crise global.<\/p>\n<p>Os pesquisadores da Serasa constataram, ainda, que o maior endividamento de parte da popula\u00e7\u00e3o ocorreu em opera\u00e7\u00f5es banc\u00e1rias acima de 90 dias, bem como no uso intensivo do cheque especial e do cart\u00e3o de cr\u00e9dito, com desequil\u00edbrio do or\u00e7amento <\/span><span class=\"object\"><span style=\"border: 1pt solid green; padding: 0cm; font-size: 8.5pt; font-family: Arial; color: windowtext;\">dom<\/span><\/span><span style=\"font-family: Arial; color: windowtext;\">\u00e9stico.<\/span><\/p>\n<p><span class=\"assinatura11\"><span style=\"font-size: 8.5pt; font-family: Arial;\">St\u00eanio Ribeiro <\/span><\/span><span style=\"font-size: 12pt; font-family: &quot;Times New Roman&quot;;\"><br \/>\n<\/span><span class=\"assinatura11\"><em><span style=\"font-size: 8.5pt; font-family: Arial;\">Rep\u00f3rter da Ag\u00eancia Brasil<\/span><\/em><\/span><span class=\"assinatura11\"><span style=\"font-size: 8.5pt; font-family: Arial;\"> <\/span><\/span><\/p>\n","protected":false},"excerpt":{"rendered":"<p>A inadimpl\u00eancia da pessoa f\u00edsica aumentou 8,9% em abril, comparado ao mesmo m\u00eas de 2008, e chega a 10,8% de janeiro a abril deste ano, em rela\u00e7\u00e3o a igual per\u00edodo do ano passado, de acordo com a pesquisa da Serasa Experian, divulgada hoje (15). O Indicador Serasa ressalta, por\u00e9m, que as eleva\u00e7\u00f5es s\u00e3o menores que [&hellip;]<\/p>\n","protected":false},"author":3,"featured_media":0,"comment_status":"open","ping_status":"open","sticky":false,"template":"","format":"standard","meta":{"tdm_status":"","tdm_grid_status":"","footnotes":""},"categories":[22],"tags":[],"class_list":{"0":"post-1698","1":"post","2":"type-post","3":"status-publish","4":"format-standard","6":"category-brasil"},"_links":{"self":[{"href":"https:\/\/migracao.redenoticia.com.br\/noticia\/wp-json\/wp\/v2\/posts\/1698","targetHints":{"allow":["GET"]}}],"collection":[{"href":"https:\/\/migracao.redenoticia.com.br\/noticia\/wp-json\/wp\/v2\/posts"}],"about":[{"href":"https:\/\/migracao.redenoticia.com.br\/noticia\/wp-json\/wp\/v2\/types\/post"}],"author":[{"embeddable":true,"href":"https:\/\/migracao.redenoticia.com.br\/noticia\/wp-json\/wp\/v2\/users\/3"}],"replies":[{"embeddable":true,"href":"https:\/\/migracao.redenoticia.com.br\/noticia\/wp-json\/wp\/v2\/comments?post=1698"}],"version-history":[{"count":0,"href":"https:\/\/migracao.redenoticia.com.br\/noticia\/wp-json\/wp\/v2\/posts\/1698\/revisions"}],"wp:attachment":[{"href":"https:\/\/migracao.redenoticia.com.br\/noticia\/wp-json\/wp\/v2\/media?parent=1698"}],"wp:term":[{"taxonomy":"category","embeddable":true,"href":"https:\/\/migracao.redenoticia.com.br\/noticia\/wp-json\/wp\/v2\/categories?post=1698"},{"taxonomy":"post_tag","embeddable":true,"href":"https:\/\/migracao.redenoticia.com.br\/noticia\/wp-json\/wp\/v2\/tags?post=1698"}],"curies":[{"name":"wp","href":"https:\/\/api.w.org\/{rel}","templated":true}]}}