{"id":170144,"date":"2019-02-21T21:08:23","date_gmt":"2019-02-22T00:08:23","guid":{"rendered":"https:\/\/www.redenoticia.com.br\/noticia\/?p=170144"},"modified":"2019-02-21T21:08:26","modified_gmt":"2019-02-22T00:08:26","slug":"intencao-de-consumo-das-familias-cresce-27-de-janeiro-para-fevereiro","status":"publish","type":"post","link":"https:\/\/migracao.redenoticia.com.br\/noticia\/2019\/intencao-de-consumo-das-familias-cresce-27-de-janeiro-para-fevereiro\/170144","title":{"rendered":"Inten\u00e7\u00e3o de consumo das fam\u00edlias cresce 2,7% de janeiro para fevereiro"},"content":{"rendered":"<p>A Inten\u00e7\u00e3o de Consumo das Fam\u00edlias (ICF), calculada pela Confedera\u00e7\u00e3o Nacional do Com\u00e9rcio de Bens, Servi\u00e7os e Turismo (CNC), cresceu 2,7% na passagem de janeiro para fevereiro deste ano.<\/p>\n<p>Com essa que foi a quarta alta consecutiva, o indicador chegou a 98,5 pontos, em uma escala de zero a 200, o maior patamar desde abril de 2015 (102,9 pontos). Na compara\u00e7\u00e3o com fevereiro de 2018, a ICF teve alta de 13,1%.<\/p>\n<p>Nos dois tipos de compara\u00e7\u00e3o (mensal e anual), os sete componentes do indicador tiveram alta. Em rela\u00e7\u00e3o a janeiro, a maior alta foi observada no momento para a compra de bens dur\u00e1veis, que cresceu 4,4%. Outro crescimento importante foi percebido na perspectiva de consumo (3,4%).<\/p>\n<p>Na compara\u00e7\u00e3o com fevereiro de 2018, as maiores altas foram observadas no n\u00edvel de consumo atual (22%) e na perspectiva de consumo (20,2%).<\/p>\n<p>Segundo a CNC, o cen\u00e1rio de infla\u00e7\u00e3o baixa e de queda gradual do desemprego tem impulsionado o consumo das fam\u00edlias nos \u00faltimos meses. Outro ponto que explica a alta \u00e9 a sinaliza\u00e7\u00e3o de que os juros b\u00e1sicos dever\u00e3o permanecer inalterados no curto prazo, o que contribui para o resgate das condi\u00e7\u00f5es de consumo a prazo.<\/p>\n<p>A CNC acredita que, neste semestre, a ICF dever\u00e1 continuar crescendo, superando as avalia\u00e7\u00f5es predominantemente pessimistas dos \u00faltimos quatro anos.<\/p>\n<p>21\/02\/2019<br \/>\nPor Vitor Abdala &#8211; Rep\u00f3rter da Ag\u00eancia Brasil<br \/>\nEdi\u00e7\u00e3o: Gra\u00e7a Adjuto<br \/>\nhttp:\/\/agenciabrasil.ebc.com.br\/economia<\/p>\n","protected":false},"excerpt":{"rendered":"<p>A Inten\u00e7\u00e3o de Consumo das Fam\u00edlias (ICF), calculada pela Confedera\u00e7\u00e3o Nacional do Com\u00e9rcio de Bens, Servi\u00e7os e Turismo (CNC), cresceu 2,7% na passagem de janeiro para fevereiro deste ano. Com essa que foi a quarta alta consecutiva, o indicador chegou a 98,5 pontos, em uma escala de zero a 200, o maior patamar desde abril [&hellip;]<\/p>\n","protected":false},"author":2,"featured_media":148074,"comment_status":"open","ping_status":"closed","sticky":false,"template":"","format":"standard","meta":{"tdm_status":"","tdm_grid_status":"","footnotes":""},"categories":[22,388,7],"tags":[],"class_list":{"0":"post-170144","1":"post","2":"type-post","3":"status-publish","4":"format-standard","5":"has-post-thumbnail","7":"category-brasil","8":"category-destaques","9":"category-economia"},"_links":{"self":[{"href":"https:\/\/migracao.redenoticia.com.br\/noticia\/wp-json\/wp\/v2\/posts\/170144","targetHints":{"allow":["GET"]}}],"collection":[{"href":"https:\/\/migracao.redenoticia.com.br\/noticia\/wp-json\/wp\/v2\/posts"}],"about":[{"href":"https:\/\/migracao.redenoticia.com.br\/noticia\/wp-json\/wp\/v2\/types\/post"}],"author":[{"embeddable":true,"href":"https:\/\/migracao.redenoticia.com.br\/noticia\/wp-json\/wp\/v2\/users\/2"}],"replies":[{"embeddable":true,"href":"https:\/\/migracao.redenoticia.com.br\/noticia\/wp-json\/wp\/v2\/comments?post=170144"}],"version-history":[{"count":0,"href":"https:\/\/migracao.redenoticia.com.br\/noticia\/wp-json\/wp\/v2\/posts\/170144\/revisions"}],"wp:featuredmedia":[{"embeddable":true,"href":"https:\/\/migracao.redenoticia.com.br\/noticia\/wp-json\/wp\/v2\/media\/148074"}],"wp:attachment":[{"href":"https:\/\/migracao.redenoticia.com.br\/noticia\/wp-json\/wp\/v2\/media?parent=170144"}],"wp:term":[{"taxonomy":"category","embeddable":true,"href":"https:\/\/migracao.redenoticia.com.br\/noticia\/wp-json\/wp\/v2\/categories?post=170144"},{"taxonomy":"post_tag","embeddable":true,"href":"https:\/\/migracao.redenoticia.com.br\/noticia\/wp-json\/wp\/v2\/tags?post=170144"}],"curies":[{"name":"wp","href":"https:\/\/api.w.org\/{rel}","templated":true}]}}