{"id":170145,"date":"2019-02-21T21:09:33","date_gmt":"2019-02-22T00:09:33","guid":{"rendered":"https:\/\/www.redenoticia.com.br\/noticia\/?p=170145"},"modified":"2019-02-21T21:09:34","modified_gmt":"2019-02-22T00:09:34","slug":"previa-da-inflacao-registra-menor-taxa-para-fevereiro-desde-plano-real","status":"publish","type":"post","link":"https:\/\/migracao.redenoticia.com.br\/noticia\/2019\/previa-da-inflacao-registra-menor-taxa-para-fevereiro-desde-plano-real\/170145","title":{"rendered":"Pr\u00e9via da infla\u00e7\u00e3o registra menor taxa para fevereiro desde Plano Real"},"content":{"rendered":"<p>O \u00cdndice Nacional de Pre\u00e7os ao Consumidor Amplo \u2013 15 (IPCA-15), que mede a pr\u00e9via da infla\u00e7\u00e3o oficial, registrou uma taxa de 0,34% em fevereiro deste ano, a menor para meses de fevereiro desde o Plano Real, implantado em 1994. A taxa \u00e9, no entanto, superior \u00e0 registrada em janeiro (0,3%).<\/p>\n<p>O dado foi divulgado pelo Instituto Brasileiro de Geografia e Estat\u00edstica (IBGE). Com a pr\u00e9via de fevereiro, o IPCA-15 acumula taxas de 0,64% no ano e de 3,73% em 12 meses.<\/p>\n<p>Educa\u00e7\u00e3o<br \/>\nNa pr\u00e9via de fevereiro, a maior infla\u00e7\u00e3o foi registrada no grupo de despesas educa\u00e7\u00e3o (3,52%), que sofreu com os reajustes de mensalidades escolares, que costumam ser feitos no in\u00edcio do ano. Os cursos regulares subiram 4,6% e os cursos diversos, 3,16%.<\/p>\n<p>Tamb\u00e9m registraram infla\u00e7\u00e3o os grupos alimenta\u00e7\u00e3o e bebidas (0,64%), sa\u00fade e cuidados pessoais (0,56%), artigos de resid\u00eancia (0,47%), despesas pessoais (0,3%), habita\u00e7\u00e3o (0,18%) e comunica\u00e7\u00e3o (0,05%).<\/p>\n<p>Por outro lado, os grupos de despesas vestu\u00e1rio e transportes registraram defla\u00e7\u00e3o (queda de pre\u00e7os) e ajudaram a frear a infla\u00e7\u00e3o. Os custos com vestu\u00e1rio ca\u00edram 0,92%. J\u00e1 os transportes ficaram 0,46% mais baratos, devido \u00e0s quedas de pre\u00e7os da gasolina (2,43%), etanol (1,31%) e \u00f3leo diesel (0,15%).<\/p>\n<p>21\/02\/2019<br \/>\nPor Vitor Abdala &#8211; Rep\u00f3rter da Ag\u00eancia Brasil<br \/>\nEdi\u00e7\u00e3o: Talita Cavalcante<br \/>\nhttp:\/\/agenciabrasil.ebc.com.br\/economia<\/p>\n","protected":false},"excerpt":{"rendered":"<p>O \u00cdndice Nacional de Pre\u00e7os ao Consumidor Amplo \u2013 15 (IPCA-15), que mede a pr\u00e9via da infla\u00e7\u00e3o oficial, registrou uma taxa de 0,34% em fevereiro deste ano, a menor para meses de fevereiro desde o Plano Real, implantado em 1994. A taxa \u00e9, no entanto, superior \u00e0 registrada em janeiro (0,3%). O dado foi divulgado [&hellip;]<\/p>\n","protected":false},"author":2,"featured_media":148565,"comment_status":"open","ping_status":"closed","sticky":false,"template":"","format":"standard","meta":{"tdm_status":"","tdm_grid_status":"","footnotes":""},"categories":[22,7],"tags":[],"class_list":{"0":"post-170145","1":"post","2":"type-post","3":"status-publish","4":"format-standard","5":"has-post-thumbnail","7":"category-brasil","8":"category-economia"},"_links":{"self":[{"href":"https:\/\/migracao.redenoticia.com.br\/noticia\/wp-json\/wp\/v2\/posts\/170145","targetHints":{"allow":["GET"]}}],"collection":[{"href":"https:\/\/migracao.redenoticia.com.br\/noticia\/wp-json\/wp\/v2\/posts"}],"about":[{"href":"https:\/\/migracao.redenoticia.com.br\/noticia\/wp-json\/wp\/v2\/types\/post"}],"author":[{"embeddable":true,"href":"https:\/\/migracao.redenoticia.com.br\/noticia\/wp-json\/wp\/v2\/users\/2"}],"replies":[{"embeddable":true,"href":"https:\/\/migracao.redenoticia.com.br\/noticia\/wp-json\/wp\/v2\/comments?post=170145"}],"version-history":[{"count":0,"href":"https:\/\/migracao.redenoticia.com.br\/noticia\/wp-json\/wp\/v2\/posts\/170145\/revisions"}],"wp:featuredmedia":[{"embeddable":true,"href":"https:\/\/migracao.redenoticia.com.br\/noticia\/wp-json\/wp\/v2\/media\/148565"}],"wp:attachment":[{"href":"https:\/\/migracao.redenoticia.com.br\/noticia\/wp-json\/wp\/v2\/media?parent=170145"}],"wp:term":[{"taxonomy":"category","embeddable":true,"href":"https:\/\/migracao.redenoticia.com.br\/noticia\/wp-json\/wp\/v2\/categories?post=170145"},{"taxonomy":"post_tag","embeddable":true,"href":"https:\/\/migracao.redenoticia.com.br\/noticia\/wp-json\/wp\/v2\/tags?post=170145"}],"curies":[{"name":"wp","href":"https:\/\/api.w.org\/{rel}","templated":true}]}}