{"id":17020,"date":"2009-11-11T19:28:48","date_gmt":"2009-11-11T23:28:48","guid":{"rendered":"http:\/\/www.redenoticia.com.br\/noticia\/?p=17020"},"modified":"2009-11-11T19:28:48","modified_gmt":"2009-11-11T23:28:48","slug":"maratona-de-pucca-no-disney-xd","status":"publish","type":"post","link":"https:\/\/migracao.redenoticia.com.br\/noticia\/2009\/maratona-de-pucca-no-disney-xd\/17020","title":{"rendered":"Maratona de Pucca no Disney XD"},"content":{"rendered":"<p>A semana traz a estreia do filme Motocross a Aventura e uma maratona especial de <strong>Pucca<\/strong>. Evan \u00e9 o melhor t\u00e9cnico de motocross do pa\u00eds. Ap\u00f3s levar sua filha ao campeonato nacional, ele decide salvar uma estrada de terra local de uma gangue de motociclistas que est\u00e1 tentando tomar o lugar das crian\u00e7as que correm l\u00e1. A rixa chega ao limite quando fica determinado que o destino da terra ser\u00e1 decidido com uma corrida. O vencedor ter\u00e1 o controle da estrada. Mas quando o melhor piloto da equipe de Evan se machuca, ele encontra um chimpanz\u00e9 chamado Cody para substitu\u00ed-lo.\u00a0<\/p>\n<p>\u00b7 SEXTA-FEIRA, DIA 13, \u00c0S 15H: ESTREIA &#8211; MOTOCROSS A AVENTURA<\/p>\n<p>\u00b7 Outros hor\u00e1rios de exibi\u00e7\u00e3o: dia 13, \u00e0s 22h; dia 21, \u00e0s 17h e dia 25, \u00e0s 15h e 22h.<\/p>\n<p>Em uma terra muito distante e em um mundo imagin\u00e1rio, vive uma simp\u00e1tica menina chamada Pucca que com apenas 10 anos de idade est\u00e1 perdidamente apaixonada por Garu, um menino descendente de uma lend\u00e1ria fam\u00edlia ninja. Para conquistar o cora\u00e7\u00e3o de Garu, Pucca ir\u00e1 persegui-lo sem tregua e viver\u00e1 as mais estranhas aventuras para chamar a sua aten\u00e7\u00e3o. No entanto, Garu n\u00e3o s\u00f3 ter\u00e1 que enfrentar a incessante presen\u00e7a de sua pretendente, como tamb\u00e9m sofrer\u00e1 o ataque de um grupo ninja que tentar\u00e1 desvi\u00e1-lo de sua meta.\u00a0<\/p>\n<p>S\u00c1BADO, DIA 14, A PARTIR DAS 9H: MARATONA PUCCA<\/p>\n<p>\u00b7 A s\u00e9rie vai ao ar regularmente de segunda a sexta, \u00e0s 19h.<\/p>\n","protected":false},"excerpt":{"rendered":"<p>A semana traz a estreia do filme Motocross a Aventura e uma maratona especial de Pucca. Evan \u00e9 o melhor t\u00e9cnico de motocross do pa\u00eds. Ap\u00f3s levar sua filha ao campeonato nacional, ele decide salvar uma estrada de terra local de uma gangue de motociclistas que est\u00e1 tentando tomar o lugar das crian\u00e7as que correm [&hellip;]<\/p>\n","protected":false},"author":3,"featured_media":0,"comment_status":"open","ping_status":"open","sticky":false,"template":"","format":"standard","meta":{"tdm_status":"","tdm_grid_status":"","footnotes":""},"categories":[343],"tags":[],"class_list":{"0":"post-17020","1":"post","2":"type-post","3":"status-publish","4":"format-standard","6":"category-televisao"},"_links":{"self":[{"href":"https:\/\/migracao.redenoticia.com.br\/noticia\/wp-json\/wp\/v2\/posts\/17020","targetHints":{"allow":["GET"]}}],"collection":[{"href":"https:\/\/migracao.redenoticia.com.br\/noticia\/wp-json\/wp\/v2\/posts"}],"about":[{"href":"https:\/\/migracao.redenoticia.com.br\/noticia\/wp-json\/wp\/v2\/types\/post"}],"author":[{"embeddable":true,"href":"https:\/\/migracao.redenoticia.com.br\/noticia\/wp-json\/wp\/v2\/users\/3"}],"replies":[{"embeddable":true,"href":"https:\/\/migracao.redenoticia.com.br\/noticia\/wp-json\/wp\/v2\/comments?post=17020"}],"version-history":[{"count":0,"href":"https:\/\/migracao.redenoticia.com.br\/noticia\/wp-json\/wp\/v2\/posts\/17020\/revisions"}],"wp:attachment":[{"href":"https:\/\/migracao.redenoticia.com.br\/noticia\/wp-json\/wp\/v2\/media?parent=17020"}],"wp:term":[{"taxonomy":"category","embeddable":true,"href":"https:\/\/migracao.redenoticia.com.br\/noticia\/wp-json\/wp\/v2\/categories?post=17020"},{"taxonomy":"post_tag","embeddable":true,"href":"https:\/\/migracao.redenoticia.com.br\/noticia\/wp-json\/wp\/v2\/tags?post=17020"}],"curies":[{"name":"wp","href":"https:\/\/api.w.org\/{rel}","templated":true}]}}