{"id":170265,"date":"2019-02-22T23:46:01","date_gmt":"2019-02-23T02:46:01","guid":{"rendered":"https:\/\/www.redenoticia.com.br\/noticia\/?p=170265"},"modified":"2019-02-22T23:46:04","modified_gmt":"2019-02-23T02:46:04","slug":"resumo-novela-as-aventuras-de-poliana-25-02-poliana-pode-conversar-com-pendleton","status":"publish","type":"post","link":"https:\/\/migracao.redenoticia.com.br\/noticia\/2019\/resumo-novela-as-aventuras-de-poliana-25-02-poliana-pode-conversar-com-pendleton\/170265","title":{"rendered":"Resumo novela \u201cAs Aventuras de Poliana\u201d 25\/02: Poliana pode conversar com Pendleton"},"content":{"rendered":"<p><strong><em><img loading=\"lazy\" decoding=\"async\" class=\"aligncenter size-large wp-image-148662\" src=\"https:\/\/migracao.redenoticia.com.br\/noticia\/imagens\/as-aventuras-de-poliana-novela-400x267.jpg\" alt=\"\" width=\"400\" height=\"267\" srcset=\"https:\/\/migracao.redenoticia.com.br\/noticia\/imagens\/as-aventuras-de-poliana-novela-400x267.jpg 400w, https:\/\/migracao.redenoticia.com.br\/noticia\/imagens\/as-aventuras-de-poliana-novela-250x167.jpg 250w, https:\/\/migracao.redenoticia.com.br\/noticia\/imagens\/as-aventuras-de-poliana-novela-150x100.jpg 150w, https:\/\/migracao.redenoticia.com.br\/noticia\/imagens\/as-aventuras-de-poliana-novela.jpg 600w\" sizes=\"auto, (max-width: 400px) 100vw, 400px\" \/>Resumo novela \u201cAs Aventuras de Poliana\u201d 25\/02 <\/em><\/strong>: no cap\u00edtulo 204(*) da novela, resumo de segunda-feira, 25 de fevereiro, Hel\u00f4 d\u00e1 uma bronca na sala e diz que a disputa de outfits est\u00e1 terminantemente proibida na escola. Filipa fica furiosa e culpa Kessya. Lu\u00edsa aceita a proposta de Pendleton. Nadine usa seu novo cargo para provocar S\u00e9rgio e Joana na O11O. Jo\u00e3o defende Luigi das provoca\u00e7\u00f5es de \u00c9ric e Hugo e Yasmin v\u00ea tudo, chateada. Mirela chega revoltada em casa e Branca tenta aconselh\u00e1-la, sem sucesso. Lindomar procura Lu\u00edsa para devolver o anel que Arlete havia escondido. D\u00e9bora confronta Jo\u00e3o, perguntando se ele mexeu em seu celular.<\/p>\n<p>Nanci e Ant\u00f4nio, preocupados com a situa\u00e7\u00e3o financeira de Lu\u00edsa, temem perderem seus empregos. Gabriela manda uma mensagem para Vini, o convidando para sair. Marcelo chega e flagra a discuss\u00e3o entre D\u00e9bora e Jo\u00e3o. Mirela diz a Luca que tem v\u00e1rias ideias para a r\u00e1dio da escola, mas, em troca, quer fazer parte do projeto. Poliana d\u00e1 a ideia de ela, Ant\u00f4nio e Nanci fazerem doces e arranjos de flores para colocarem \u00e0 venda na padaria de Durval. Lu\u00edsa conta a Poliana que ela est\u00e1 autorizada a voltar a conversar com Pendleton.<\/p>\n<p>Nanci, Waldisney, Iuri e Sophie se encontram na padaria, criando um certo \u201cclim\u00e3o\u201d. Waldisney tem uma crise de ci\u00fames. Lu\u00edsa v\u00ea Poliana e Ant\u00f4nio fazendo os arranjos com as flores colhidas do jardim e se inspira para voltar a pintar. Yasmin visita Luigi, que est\u00e1 magoado com ela, pois parece que ela s\u00f3 \u00e9 sua amiga longe dos outros. Roger desconfia de que Ciro esteja acobertando Guilherme. Nadine mostra o aplicativo pronto \u00e0s integrantes do Comit\u00ea do La\u00e7o Pink, e Ver\u00f4nica tem a ideia de fazer uma festa de lan\u00e7amento. Mirela v\u00ea Vini arrumado para sair com Gabi e fica com ci\u00fame. Lorena conta para Durval que viu Raquel e Guilherme prestes a se beijarem. O encontro entre Vini e Gabi vai bem. Arlete descobre que o anel sumiu.<\/p>\n<p>(*) edi\u00e7\u00e3o do SBT, Novela \u201cAs Aventuras de Poliana\u201d, sujeito a altera\u00e7\u00e3o de data e conte\u00fado.<\/p>\n<p>Poliana \u00e9 uma menina extrovertida e de bom cora\u00e7\u00e3o que viajava o Brasil com seus pais, Lorenzo e Alice, no grupo circense Trupe Vagalume. Aos onze anos a garota v\u00ea seu mundo desabar quando seus pais falecem e ela tem que ir morar em S\u00e3o Paulo com sua tia Lu\u00edsa, uma mulher rica e severa, a qual ela n\u00e3o conhecia e que n\u00e3o queria cuidar dela, embora sinta que \u00e9 sua obriga\u00e7\u00e3o pela alma de sua irm\u00e3. Apesar do jeito da rigidez da tia, Poliana decide ter uma vis\u00e3o positiva e inabal\u00e1vel da vida, mesmo nos momentos de dificuldade, tentando levar um pouco de felicidade para a vida de cada um dos seus novos amigos e vizinhos, como o Sr. Pendleton, um homem rico e infeliz por nunca ter tido filhos. Ela vai estudar no col\u00e9gio de Ruth, uma diretora de bom cora\u00e7\u00e3o que a ajuda a se adaptar, mas tem que lidar com as vilanias de Mirela, garota mais velha que n\u00e3o aceita perder a popularidade para uma novata.<\/p>\n","protected":false},"excerpt":{"rendered":"<p>Resumo novela \u201cAs Aventuras de Poliana\u201d 25\/02 : no cap\u00edtulo 204(*) da novela, resumo de segunda-feira, 25 de fevereiro, Hel\u00f4 d\u00e1 uma bronca na sala e diz que a disputa de outfits est\u00e1 terminantemente proibida na escola. Filipa fica furiosa e culpa Kessya. Lu\u00edsa aceita a proposta de Pendleton. Nadine usa seu novo cargo para [&hellip;]<\/p>\n","protected":false},"author":2,"featured_media":148663,"comment_status":"open","ping_status":"closed","sticky":false,"template":"","format":"standard","meta":{"tdm_status":"","tdm_grid_status":"","footnotes":""},"categories":[477,379,372,343],"tags":[441],"class_list":{"0":"post-170265","1":"post","2":"type-post","3":"status-publish","4":"format-standard","5":"has-post-thumbnail","7":"category-as-aventuras-de-poliana","8":"category-novelas","9":"category-sbt","10":"category-televisao","11":"tag-resumo-do-dia"},"_links":{"self":[{"href":"https:\/\/migracao.redenoticia.com.br\/noticia\/wp-json\/wp\/v2\/posts\/170265","targetHints":{"allow":["GET"]}}],"collection":[{"href":"https:\/\/migracao.redenoticia.com.br\/noticia\/wp-json\/wp\/v2\/posts"}],"about":[{"href":"https:\/\/migracao.redenoticia.com.br\/noticia\/wp-json\/wp\/v2\/types\/post"}],"author":[{"embeddable":true,"href":"https:\/\/migracao.redenoticia.com.br\/noticia\/wp-json\/wp\/v2\/users\/2"}],"replies":[{"embeddable":true,"href":"https:\/\/migracao.redenoticia.com.br\/noticia\/wp-json\/wp\/v2\/comments?post=170265"}],"version-history":[{"count":0,"href":"https:\/\/migracao.redenoticia.com.br\/noticia\/wp-json\/wp\/v2\/posts\/170265\/revisions"}],"wp:featuredmedia":[{"embeddable":true,"href":"https:\/\/migracao.redenoticia.com.br\/noticia\/wp-json\/wp\/v2\/media\/148663"}],"wp:attachment":[{"href":"https:\/\/migracao.redenoticia.com.br\/noticia\/wp-json\/wp\/v2\/media?parent=170265"}],"wp:term":[{"taxonomy":"category","embeddable":true,"href":"https:\/\/migracao.redenoticia.com.br\/noticia\/wp-json\/wp\/v2\/categories?post=170265"},{"taxonomy":"post_tag","embeddable":true,"href":"https:\/\/migracao.redenoticia.com.br\/noticia\/wp-json\/wp\/v2\/tags?post=170265"}],"curies":[{"name":"wp","href":"https:\/\/api.w.org\/{rel}","templated":true}]}}