{"id":170271,"date":"2019-02-22T23:51:41","date_gmt":"2019-02-23T02:51:41","guid":{"rendered":"https:\/\/www.redenoticia.com.br\/noticia\/?p=170271"},"modified":"2019-02-24T23:22:50","modified_gmt":"2019-02-25T02:22:50","slug":"resumo-novela-cordel-encantado-25-02-jesuino-descobre-a-armadilha-de-timoteo","status":"publish","type":"post","link":"https:\/\/migracao.redenoticia.com.br\/noticia\/2019\/resumo-novela-cordel-encantado-25-02-jesuino-descobre-a-armadilha-de-timoteo\/170271","title":{"rendered":"Resumo novela \u201cCordel Encantado\u201d 25\/02: Jesu\u00edno descobre a armadilha de Tim\u00f3teo"},"content":{"rendered":"<p><img loading=\"lazy\" decoding=\"async\" class=\"aligncenter size-large wp-image-165214\" src=\"https:\/\/migracao.redenoticia.com.br\/noticia\/imagens\/cordel-004-319x300.jpg\" alt=\"\" width=\"319\" height=\"300\" srcset=\"https:\/\/migracao.redenoticia.com.br\/noticia\/imagens\/cordel-004-319x300.jpg 319w, https:\/\/migracao.redenoticia.com.br\/noticia\/imagens\/cordel-004-199x187.jpg 199w, https:\/\/migracao.redenoticia.com.br\/noticia\/imagens\/cordel-004-150x141.jpg 150w, https:\/\/migracao.redenoticia.com.br\/noticia\/imagens\/cordel-004.jpg 669w, https:\/\/migracao.redenoticia.com.br\/noticia\/imagens\/cordel-004-560x527.jpg 560w\" sizes=\"auto, (max-width: 319px) 100vw, 319px\" \/><strong><em>Resumo novela \u201cCordel Encantado\u201d 25\/02 <\/em><\/strong>: no cap\u00edtulo 030(*) da novela, resumo de segunda-feira, 25 de fevereiro, Herculano fala com Z\u00f3io-Furado que eles ir\u00e3o invadir a fazenda de Tim\u00f3teo no dia do casamento de A\u00e7ucena e Jesu\u00edno. Augusto insiste para In\u00e1cio se vestir adequadamente, mas ele s\u00f3 aceita usar roupas de mendigo. Bator\u00e9 prende o infante. In\u00e1cio diz a Ant\u00f4nia que eles n\u00e3o ir\u00e3o mais se casar. Florinda descobre que Petrus fugiu. Jesu\u00edno ajuda Petrus. Dora e Felipe consolam Ant\u00f4nia. Zen\u00f3bio revela a Jesu\u00edno, A\u00e7ucena e Benvinda a identidade de Petrus. Bator\u00e9 garante a Ant\u00f4nia que liberta In\u00e1cio se ela se casar com ele. Jesu\u00edno v\u00ea Bel escondida e vai a seu encontro. Ant\u00f4nia pede para Bator\u00e9 deix\u00e1-la falar com In\u00e1cio antes de tir\u00e1-lo da cadeia. Jesu\u00edno invade o acampamento de Herculano.<\/p>\n<p>Herculano revela a Jesu\u00edno a armadilha que Tim\u00f3teo planeja para ele. Ant\u00f4nia sai da delegacia com Bator\u00e9 e Pa\u00e7oca e Rufino soltam o pr\u00edncipe. Zen\u00f3bio e Florinda perguntam a Petrus se foi Augusto quem colocou a m\u00e1scara de ferro nele. Zen\u00f3bio comenta sobre a morte de Petrus e \u00darsula e Nicolau ficam tensos. Jesu\u00edno pede para Setembrino e Quiquiqui n\u00e3o contarem para A\u00e7ucena sobre a amea\u00e7a que Tim\u00f3teo fez contra ele. Euz\u00e9bio v\u00ea Farid na casa de Bartira.<\/p>\n<p>(*) edi\u00e7\u00e3o da Rede Globo, Novela \u201cCordel Encantado\u201d, sujeito a altera\u00e7\u00e3o de data e conte\u00fado.<\/p>\n<p>Destaques<\/p>\n<p>Sinopse \u201cCordel Encantado\u201d: Vendo o marido muito ferido, depois de mais uma terr\u00edvel batalha, a rainha Helena (Mariana Lima) vai ao castelo inimigo amaldi\u00e7oar toda a fam\u00edlia do rei Augusto. Faz isso gr\u00e1vida de In\u00e1cio (Maur\u00edcio Destri) e acompanhada de seu filho mais velho, Felipe (Jayme Matarazzo). O monarca se comove com a dor de Helena e, por sugest\u00e3o de Cristina, prop\u00f5e um acordo a Teobaldo, ferido mortalmente: seus primog\u00eanitos Aurora e Felipe devem se casar quando atingirem a maior idade, unificando e trazendo paz aos dois estados. Teobaldo aceita o acordo e morre logo depois. As duas crian\u00e7as s\u00e3o apresentadas publicamente como os futuros reis de Ser\u00e1fia.<\/p>\n<p>Seguindo a interpreta\u00e7\u00e3o on\u00edrica feita por Amadeus, uma longa viagem come\u00e7a a ser planejada. Zen\u00f3bio Alfredo (Guilherme Fontes), bot\u00e2nico de Ser\u00e1fia do Norte, que estava no Brasil envolvido com pesquisas cient\u00edficas, traz ao rei not\u00edcias de um tesouro, escondido em terras tropicais pelo fundador do reino, Dom Serafim. O bot\u00e2nico sugere que o rei financie uma expedi\u00e7\u00e3o a Brogod\u00f3, e Augusto, amante das ci\u00eancias e das aventuras, n\u00e3o s\u00f3 concorda com a ideia como faz quest\u00e3o de liderar a empreitada. O rei s\u00f3 n\u00e3o contava que sua esposa, a rainha Cristina, resolveria acompanh\u00e1-lo, levando consigo a pequena Aurora.<\/p>\n","protected":false},"excerpt":{"rendered":"<p>Resumo novela \u201cCordel Encantado\u201d 25\/02 : no cap\u00edtulo 030(*) da novela, resumo de segunda-feira, 25 de fevereiro, Herculano fala com Z\u00f3io-Furado que eles ir\u00e3o invadir a fazenda de Tim\u00f3teo no dia do casamento de A\u00e7ucena e Jesu\u00edno. Augusto insiste para In\u00e1cio se vestir adequadamente, mas ele s\u00f3 aceita usar roupas de mendigo. Bator\u00e9 prende o [&hellip;]<\/p>\n","protected":false},"author":2,"featured_media":165215,"comment_status":"open","ping_status":"closed","sticky":false,"template":"","format":"standard","meta":{"tdm_status":"","tdm_grid_status":"","footnotes":""},"categories":[535,379,375,343],"tags":[441],"class_list":{"0":"post-170271","1":"post","2":"type-post","3":"status-publish","4":"format-standard","5":"has-post-thumbnail","7":"category-cordel-encantado","8":"category-novelas","9":"category-rede-globo","10":"category-televisao","11":"tag-resumo-do-dia"},"_links":{"self":[{"href":"https:\/\/migracao.redenoticia.com.br\/noticia\/wp-json\/wp\/v2\/posts\/170271","targetHints":{"allow":["GET"]}}],"collection":[{"href":"https:\/\/migracao.redenoticia.com.br\/noticia\/wp-json\/wp\/v2\/posts"}],"about":[{"href":"https:\/\/migracao.redenoticia.com.br\/noticia\/wp-json\/wp\/v2\/types\/post"}],"author":[{"embeddable":true,"href":"https:\/\/migracao.redenoticia.com.br\/noticia\/wp-json\/wp\/v2\/users\/2"}],"replies":[{"embeddable":true,"href":"https:\/\/migracao.redenoticia.com.br\/noticia\/wp-json\/wp\/v2\/comments?post=170271"}],"version-history":[{"count":0,"href":"https:\/\/migracao.redenoticia.com.br\/noticia\/wp-json\/wp\/v2\/posts\/170271\/revisions"}],"wp:featuredmedia":[{"embeddable":true,"href":"https:\/\/migracao.redenoticia.com.br\/noticia\/wp-json\/wp\/v2\/media\/165215"}],"wp:attachment":[{"href":"https:\/\/migracao.redenoticia.com.br\/noticia\/wp-json\/wp\/v2\/media?parent=170271"}],"wp:term":[{"taxonomy":"category","embeddable":true,"href":"https:\/\/migracao.redenoticia.com.br\/noticia\/wp-json\/wp\/v2\/categories?post=170271"},{"taxonomy":"post_tag","embeddable":true,"href":"https:\/\/migracao.redenoticia.com.br\/noticia\/wp-json\/wp\/v2\/tags?post=170271"}],"curies":[{"name":"wp","href":"https:\/\/api.w.org\/{rel}","templated":true}]}}