{"id":17032,"date":"2009-11-11T22:34:36","date_gmt":"2009-11-12T02:34:36","guid":{"rendered":"http:\/\/www.redenoticia.com.br\/noticia\/?p=17032"},"modified":"2009-11-11T22:34:36","modified_gmt":"2009-11-12T02:34:36","slug":"previsao-do-tempo-na-regiao-nordeste-de-12-a-1411","status":"publish","type":"post","link":"https:\/\/migracao.redenoticia.com.br\/noticia\/2009\/previsao-do-tempo-na-regiao-nordeste-de-12-a-1411\/17032","title":{"rendered":"Previs\u00e3o do tempo na Regi\u00e3o Nordeste de 12 a 14\/11"},"content":{"rendered":"<p>Previs\u00e3o do tempo no Nordeste em 12\/11\/2009: No oeste da BA, no centro-sul do PI e do MA: sol com nebulosidade vari\u00e1vel e pancadas de chuva. No sudoeste da BA, no sul do CE, no oeste da PB e de PE e no leste de AL, SE e BA: sol entre poucas nuvens e possibilidade de pancadas de chuva. Nas demais \u00e1reas: sol e poucas nuvens. As temperaturas seguir\u00e3o est\u00e1veis. Temperaturas m\u00e1xima: 37C no PI. Temperaturas m\u00ednima: 14C no sul da BA.\u00a0<\/p>\n<p>13 e 14\/11\/2009: No sul do PI, do MA e oeste da BA: sol com nebulosidade vari\u00e1vel e pancadas de chuva. No sul da BA: sol com varia\u00e7\u00e3o de nuvens. No Rec\u00f4ncavo Baiano e no leste de SE e de AL: sol entre poucas e com possibilidade de pancadas de chuva. Nas demais \u00e1reas da Regi\u00e3o: sol e pouca nebulosidade. As temperaturas seguir\u00e3o est\u00e1veis.<\/p>\n<p>O Centro de Previs\u00e3o de Tempo e Estudos Clim\u00e1ticos \u2013 CPTEC, do Instituto Nacional de Pesquisas Espaciais \u2013 INPE \u00e9 o passaporte do Brasil para o primeiro mundo das previs\u00f5es meteorol\u00f3gicas. Os supercomputadores vetoriais SX-6 e SX-4 fabricados pela NEC Corporation do Jap\u00e3o, possuem capacidade de processar at\u00e9 768 bilh\u00f5es e 16 bilh\u00f5es de opera\u00e7\u00f5es aritm\u00e9ticas em ponto flutuante por segundo respectivamente. Recentemente adquirido da \u201cNEC Corporation do Jap\u00e3o\u201d um cluster com 1100 processadores fabricado pela \u201cSUN Microsystem\u201d com a capacidade de processar at\u00e9 5.7 trilh\u00f5es de opera\u00e7\u00f5es aritm\u00e9ticas em ponto flutuante por segundo. Isso significa possibilidade de utilizar modelos num\u00e9ricos para simula\u00e7\u00e3o de tempo e clima, integrando informa\u00e7\u00f5es atmosf\u00e9ricas e oce\u00e2nicas. O resultado disso s\u00e3o previs\u00f5es de tempo confi\u00e1veis, para todo o pa\u00eds.\u00a0<\/p>\n<p>CPTEC\/INPE<\/p>\n","protected":false},"excerpt":{"rendered":"<p>Previs\u00e3o do tempo no Nordeste em 12\/11\/2009: No oeste da BA, no centro-sul do PI e do MA: sol com nebulosidade vari\u00e1vel e pancadas de chuva. No sudoeste da BA, no sul do CE, no oeste da PB e de PE e no leste de AL, SE e BA: sol entre poucas nuvens e possibilidade [&hellip;]<\/p>\n","protected":false},"author":3,"featured_media":0,"comment_status":"open","ping_status":"open","sticky":false,"template":"","format":"standard","meta":{"tdm_status":"","tdm_grid_status":"","footnotes":""},"categories":[327],"tags":[],"class_list":{"0":"post-17032","1":"post","2":"type-post","3":"status-publish","4":"format-standard","6":"category-clima"},"_links":{"self":[{"href":"https:\/\/migracao.redenoticia.com.br\/noticia\/wp-json\/wp\/v2\/posts\/17032","targetHints":{"allow":["GET"]}}],"collection":[{"href":"https:\/\/migracao.redenoticia.com.br\/noticia\/wp-json\/wp\/v2\/posts"}],"about":[{"href":"https:\/\/migracao.redenoticia.com.br\/noticia\/wp-json\/wp\/v2\/types\/post"}],"author":[{"embeddable":true,"href":"https:\/\/migracao.redenoticia.com.br\/noticia\/wp-json\/wp\/v2\/users\/3"}],"replies":[{"embeddable":true,"href":"https:\/\/migracao.redenoticia.com.br\/noticia\/wp-json\/wp\/v2\/comments?post=17032"}],"version-history":[{"count":0,"href":"https:\/\/migracao.redenoticia.com.br\/noticia\/wp-json\/wp\/v2\/posts\/17032\/revisions"}],"wp:attachment":[{"href":"https:\/\/migracao.redenoticia.com.br\/noticia\/wp-json\/wp\/v2\/media?parent=17032"}],"wp:term":[{"taxonomy":"category","embeddable":true,"href":"https:\/\/migracao.redenoticia.com.br\/noticia\/wp-json\/wp\/v2\/categories?post=17032"},{"taxonomy":"post_tag","embeddable":true,"href":"https:\/\/migracao.redenoticia.com.br\/noticia\/wp-json\/wp\/v2\/tags?post=17032"}],"curies":[{"name":"wp","href":"https:\/\/api.w.org\/{rel}","templated":true}]}}