{"id":170390,"date":"2019-02-26T23:17:39","date_gmt":"2019-02-27T02:17:39","guid":{"rendered":"https:\/\/www.redenoticia.com.br\/noticia\/?p=170390"},"modified":"2019-03-03T20:38:04","modified_gmt":"2019-03-03T23:38:04","slug":"bbb-19-votacao-em-alan-isabella-e-tereza-movimenta-a-enquete","status":"publish","type":"post","link":"https:\/\/migracao.redenoticia.com.br\/noticia\/2019\/bbb-19-votacao-em-alan-isabella-e-tereza-movimenta-a-enquete\/170390","title":{"rendered":"\u201cBBB\u201d 19 enquete: resultado da vota\u00e7\u00e3o no pared\u00e3o entre Alan, Isabella e Tereza"},"content":{"rendered":"<p><em><strong><img loading=\"lazy\" decoding=\"async\" class=\"aligncenter size-large wp-image-166031\" src=\"https:\/\/migracao.redenoticia.com.br\/noticia\/imagens\/BBB-enquete-votacao-resultado-001-329x300.jpg\" alt=\"\" width=\"329\" height=\"300\" srcset=\"https:\/\/migracao.redenoticia.com.br\/noticia\/imagens\/BBB-enquete-votacao-resultado-001-329x300.jpg 329w, https:\/\/migracao.redenoticia.com.br\/noticia\/imagens\/BBB-enquete-votacao-resultado-001-205x187.jpg 205w, https:\/\/migracao.redenoticia.com.br\/noticia\/imagens\/BBB-enquete-votacao-resultado-001-150x137.jpg 150w, https:\/\/migracao.redenoticia.com.br\/noticia\/imagens\/BBB-enquete-votacao-resultado-001-560x510.jpg 560w, https:\/\/migracao.redenoticia.com.br\/noticia\/imagens\/BBB-enquete-votacao-resultado-001.jpg 620w\" sizes=\"auto, (max-width: 329px) 100vw, 329px\" \/>\u201cBBB&#8221; 19 vota\u00e7\u00e3o enquete:<\/strong><\/em> Em 26\/02, Isabella recebeu 64% dos votos v\u00e1lidos, seguido por Alan (24%) e Tereza (12%). Isabella foi eliminada do programa. Este pared\u00e3o come\u00e7ou quando, em 24\/02, Isabella usou o poder do Anjo e imunizou Carolina. A L\u00edder Elana indicou Isabella para o pared\u00e3o. Na vota\u00e7\u00e3o aberta da casa, Carolina e Isabella votaram no Danrley, que votou na Paula. Alan votou na R\u00edzia, que votou na Tereza. Gabriela e Hariany votaram na Tereza, que votou na Paula, que votou na Tereza. Rodrigo votou na Hariany. Tereza completou o pared\u00e3o. A vota\u00e7\u00e3o aconteceu at\u00e9 o programa ao vivo \u201cBBB&#8221; 19 desta ter\u00e7a-feira, 26\/02.<\/p>\n<p><script type=\"text\/javascript\" charset=\"utf-8\" data-cfasync=\"false\" src=\"https:\/\/secure.polldaddy.com\/p\/10248994.js\"><\/script><br \/>\n<noscript><a href=\"https:\/\/poll.fm\/10248994\">Quem deve sair no Pared\u00e3o \u201cBBB\u201d 19? Alan, Isabella ou Tereza<\/a><\/noscript><\/p>\n<p>Resultado parcial 25\/02 23h01<br \/>\nIsabella 64,16%; Tereza 23,14%; Alan 12,70%. Total de Votos 20.254.<br \/>\nResultado parcial 26\/02 22h31<br \/>\nIsabella 66,42%; Tereza 22,03%; Alan 11,55%. Total de Votos 28.531.<\/p>\n<p>Se voc\u00ea n\u00e3o est\u00e1 vendo a enquete, clique no link: <a href=\"https:\/\/migracao.redenoticia.com.br\/noticia\/2019\/bbb-19-votacao-em-alan-isabella-e-tereza-movimenta-a-enquete\/170390\">\u201cBBB\u201d 19: vota\u00e7\u00e3o em Alan, Isabella e Tereza movimenta a enquete<\/a><\/p>\n<p>Destaques<br \/>\n<a href=\"https:\/\/migracao.redenoticia.com.br\/noticia\/2019\/bbb-19-votacao-em-gabriela-rodrigo-e-tereza-movimenta-a-enquete\/171157\">Pared\u00e3o Fake entre Gabriela, Rodrigo e Tereza<\/a><br \/>\n<a href=\"https:\/\/migracao.redenoticia.com.br\/noticia\/2019\/diario-bbb-19-provas-de-imunidade-e-super-paredao\/165697\">Di\u00e1rio \u201cBBB\u201d 19<\/a><br \/>\n<a href=\"https:\/\/migracao.redenoticia.com.br\/noticia\/2019\/bbb-19-enquete-quem-merece-vencer-o-programa\/165063\">\u201cBBB\u201d 19 enquete: quem merece vencer o programa<\/a><br \/>\n<a href=\"https:\/\/migracao.redenoticia.com.br\/noticia\/2019\/bbb-19-prova-do-anjo-e-castigo-do-monstro\/166973\">&#8220;BBB&#8221; 19: prova do Anjo e Castigo do Monstro<\/a><\/p>\n<p>A vota\u00e7\u00e3o oficial aconteceu no site do programa.<\/p>\n<p>&#8212;<br \/>\nConcorrentes:<\/p>\n<p>Alan &#8211; empres\u00e1rio e administrador, o brother, de Crici\u00fama (SC), tem 26 anos e \u00e9 considerado mulherengo pela fam\u00edlia.<br \/>\nCarolina &#8211; a baiana tem 33 anos, \u00e9 publicit\u00e1ria e empres\u00e1ria. O seu amuleto \u00e9 dar &#8220;Bom dia&#8221; ao sol.<br \/>\nDanrley &#8211; brother mais jovem da edi\u00e7\u00e3o. O carioca tem 19 anos, cursa Biologia e vende picol\u00e9 na praia nos fins de semana.<br \/>\nElana &#8211; tem 25 anos, \u00e9 engenheira agr\u00f4noma e mora no sert\u00e3o do Piau\u00ed. Seu primeiro banho de chuveiro foi aos seis anos de idade.<br \/>\nGabriela &#8211; com 32 anos, a sister mora em Ribeir\u00e3o Preto e \u00e9 designer gr\u00e1fica e percussionista. \u00c9 f\u00e3 de Beyonc\u00e9 e imitava as Spice Girls na inf\u00e2ncia.<br \/>\nHariany &#8211; mora em Senador Canedo, Goi\u00e1s, tem 21 anos, estuda Design de Moda e sonha em ser famosa. A sister j\u00e1 ficou com tr\u00eas sertanejos famosos.<br \/>\nIsabella &#8211; com 24 anos, a sister \u00e9 de Natal\/RN e morou at\u00e9 os sete anos da It\u00e1lia. Foi Miss Natal 2014.<br \/>\nPaula &#8211; Bacharel em Direito, tem 28 anos, \u00e9 de Lagoa Santa, Minas Gerais. A sister \u00e9 dona de uma porca, a Pippa.<br \/>\nR\u00edzia &#8211; de 24 anos. A alagoana, de S\u00e3o Miguel dos Campos, luta por quest\u00f5es sociais. \u00c9 apaixonada por fotografia.<br \/>\nRodrigo &#8211; tem 40 anos, \u00e9 trig\u00eameo e defende a representatividade dos negros. O carioca ensinou a av\u00f3 a ler.<br \/>\nTereza &#8211; pernambucana, tem 52 anos e j\u00e1 se casou seis vezes. Para o seu filho, a participante compartilhava o sonho de entrar no &#8220;BBB&#8221;.<\/p>\n<p>Fonte \u201cBBB&#8221; 19 \u2013 Vota\u00e7\u00e3o Enquete<\/p>\n","protected":false},"excerpt":{"rendered":"<p>\u201cBBB&#8221; 19 vota\u00e7\u00e3o enquete: Em 26\/02, Isabella recebeu 64% dos votos v\u00e1lidos, seguido por Alan (24%) e Tereza (12%). Isabella foi eliminada do programa. Este pared\u00e3o come\u00e7ou quando, em 24\/02, Isabella usou o poder do Anjo e imunizou Carolina. A L\u00edder Elana indicou Isabella para o pared\u00e3o. Na vota\u00e7\u00e3o aberta da casa, Carolina e Isabella [&hellip;]<\/p>\n","protected":false},"author":2,"featured_media":166033,"comment_status":"open","ping_status":"closed","sticky":false,"template":"","format":"standard","meta":{"tdm_status":"","tdm_grid_status":"","footnotes":""},"categories":[375,343],"tags":[466,521],"class_list":{"0":"post-170390","1":"post","2":"type-post","3":"status-publish","4":"format-standard","5":"has-post-thumbnail","7":"category-rede-globo","8":"category-televisao","9":"tag-bbb","10":"tag-enquete"},"_links":{"self":[{"href":"https:\/\/migracao.redenoticia.com.br\/noticia\/wp-json\/wp\/v2\/posts\/170390","targetHints":{"allow":["GET"]}}],"collection":[{"href":"https:\/\/migracao.redenoticia.com.br\/noticia\/wp-json\/wp\/v2\/posts"}],"about":[{"href":"https:\/\/migracao.redenoticia.com.br\/noticia\/wp-json\/wp\/v2\/types\/post"}],"author":[{"embeddable":true,"href":"https:\/\/migracao.redenoticia.com.br\/noticia\/wp-json\/wp\/v2\/users\/2"}],"replies":[{"embeddable":true,"href":"https:\/\/migracao.redenoticia.com.br\/noticia\/wp-json\/wp\/v2\/comments?post=170390"}],"version-history":[{"count":0,"href":"https:\/\/migracao.redenoticia.com.br\/noticia\/wp-json\/wp\/v2\/posts\/170390\/revisions"}],"wp:featuredmedia":[{"embeddable":true,"href":"https:\/\/migracao.redenoticia.com.br\/noticia\/wp-json\/wp\/v2\/media\/166033"}],"wp:attachment":[{"href":"https:\/\/migracao.redenoticia.com.br\/noticia\/wp-json\/wp\/v2\/media?parent=170390"}],"wp:term":[{"taxonomy":"category","embeddable":true,"href":"https:\/\/migracao.redenoticia.com.br\/noticia\/wp-json\/wp\/v2\/categories?post=170390"},{"taxonomy":"post_tag","embeddable":true,"href":"https:\/\/migracao.redenoticia.com.br\/noticia\/wp-json\/wp\/v2\/tags?post=170390"}],"curies":[{"name":"wp","href":"https:\/\/api.w.org\/{rel}","templated":true}]}}