{"id":1704,"date":"2009-05-16T11:23:02","date_gmt":"2009-05-16T15:23:02","guid":{"rendered":"http:\/\/www.redenoticia.com.br\/noticia\/?p=1704"},"modified":"2009-05-16T11:23:02","modified_gmt":"2009-05-16T15:23:02","slug":"semana-de-museus-para-incentivar-visita","status":"publish","type":"post","link":"https:\/\/migracao.redenoticia.com.br\/noticia\/2009\/semana-de-museus-para-incentivar-visita\/1704","title":{"rendered":"Semana de Museus para incentivar visita"},"content":{"rendered":"<p><span class=\"titulo11\"><\/span><span style=\"font-family: Arial; color: windowtext;\"><a href=\"https:\/\/migracao.redenoticia.com.br\/noticia\/imagens\/\/museu.jpg\"><img loading=\"lazy\" decoding=\"async\" class=\"alignleft size-full wp-image-1703\" title=\"museu\" src=\"https:\/\/migracao.redenoticia.com.br\/noticia\/imagens\/\/museu.jpg\" alt=\"museu\" width=\"150\" height=\"113\" \/><\/a>Para incentivar o h\u00e1bito de visita, come\u00e7a a 7\u00aa Semana Nacional de Museus. <\/span><\/p>\n<p><span style=\"font-family: Arial; color: windowtext;\">O Museu das Comunica\u00e7\u00f5es Marechal Rondon de Ji-Paran\u00e1 e mais seiscentas e quinze institui\u00e7\u00f5es de artes de v\u00e1rios estados v\u00e3o participar do evento com 2.020 atividades, entre as quais exposi\u00e7\u00f5es, pe\u00e7as teatrais, gincanas, m\u00fasicas, semin\u00e1rios e proje\u00e7\u00f5es de filmes. <\/span><\/p>\n<p><span style=\"font-family: Arial; color: windowtext;\">A entrada para alguns eventos \u00e9 paga e para outros, gratuita. S\u00e3o Paulo, Minas Gerais e Rio de <\/span><span class=\"object\"><span style=\"border: 1pt solid green; padding: 0cm; font-size: 8.5pt; font-family: Arial; color: windowtext;\">Janeiro<\/span><\/span><span style=\"font-family: Arial; color: windowtext;\"> s\u00e3o os estados com maior engajamento na Semana. Bras\u00edlia tem quatro museus participantes e o Museu Nacional da Rep\u00fablica oferece tr\u00eas exposi\u00e7\u00f5es, entre elas a Latitudes: Mestres Latino-Americanos. <\/span><\/p>\n<p><span class=\"assinatura11\"><span style=\"font-size: 8.5pt; font-family: Arial;\">Da Ag\u00eancia Brasil <\/span><\/span><span style=\"font-size: 12pt; font-family: Arial;\"><br \/>\n<!--[if !supportLineBreakNewLine]--><br \/>\n<!--[endif]--><\/span><\/p>\n","protected":false},"excerpt":{"rendered":"<p>Para incentivar o h\u00e1bito de visita, come\u00e7a a 7\u00aa Semana Nacional de Museus. O Museu das Comunica\u00e7\u00f5es Marechal Rondon de Ji-Paran\u00e1 e mais seiscentas e quinze institui\u00e7\u00f5es de artes de v\u00e1rios estados v\u00e3o participar do evento com 2.020 atividades, entre as quais exposi\u00e7\u00f5es, pe\u00e7as teatrais, gincanas, m\u00fasicas, semin\u00e1rios e proje\u00e7\u00f5es de filmes. A entrada para [&hellip;]<\/p>\n","protected":false},"author":3,"featured_media":0,"comment_status":"open","ping_status":"open","sticky":false,"template":"","format":"standard","meta":{"tdm_status":"","tdm_grid_status":"","footnotes":""},"categories":[22],"tags":[],"class_list":{"0":"post-1704","1":"post","2":"type-post","3":"status-publish","4":"format-standard","6":"category-brasil"},"_links":{"self":[{"href":"https:\/\/migracao.redenoticia.com.br\/noticia\/wp-json\/wp\/v2\/posts\/1704","targetHints":{"allow":["GET"]}}],"collection":[{"href":"https:\/\/migracao.redenoticia.com.br\/noticia\/wp-json\/wp\/v2\/posts"}],"about":[{"href":"https:\/\/migracao.redenoticia.com.br\/noticia\/wp-json\/wp\/v2\/types\/post"}],"author":[{"embeddable":true,"href":"https:\/\/migracao.redenoticia.com.br\/noticia\/wp-json\/wp\/v2\/users\/3"}],"replies":[{"embeddable":true,"href":"https:\/\/migracao.redenoticia.com.br\/noticia\/wp-json\/wp\/v2\/comments?post=1704"}],"version-history":[{"count":0,"href":"https:\/\/migracao.redenoticia.com.br\/noticia\/wp-json\/wp\/v2\/posts\/1704\/revisions"}],"wp:attachment":[{"href":"https:\/\/migracao.redenoticia.com.br\/noticia\/wp-json\/wp\/v2\/media?parent=1704"}],"wp:term":[{"taxonomy":"category","embeddable":true,"href":"https:\/\/migracao.redenoticia.com.br\/noticia\/wp-json\/wp\/v2\/categories?post=1704"},{"taxonomy":"post_tag","embeddable":true,"href":"https:\/\/migracao.redenoticia.com.br\/noticia\/wp-json\/wp\/v2\/tags?post=1704"}],"curies":[{"name":"wp","href":"https:\/\/api.w.org\/{rel}","templated":true}]}}