{"id":170420,"date":"2019-02-24T23:16:14","date_gmt":"2019-02-25T02:16:14","guid":{"rendered":"https:\/\/www.redenoticia.com.br\/noticia\/?p=170420"},"modified":"2019-02-25T10:39:11","modified_gmt":"2019-02-25T13:39:11","slug":"novela-cordel-encantado-herculano-muito-ferido-se-entrega-a-policia","status":"publish","type":"post","link":"https:\/\/migracao.redenoticia.com.br\/noticia\/2019\/novela-cordel-encantado-herculano-muito-ferido-se-entrega-a-policia\/170420","title":{"rendered":"Novela &#8220;Cordel Encantado&#8221;: Herculano se entrega \u00e0 pol\u00edcia"},"content":{"rendered":"<p><strong><em><img loading=\"lazy\" decoding=\"async\" class=\"aligncenter size-large wp-image-165213\" src=\"https:\/\/migracao.redenoticia.com.br\/noticia\/imagens\/cordel-005-400x181.jpg\" alt=\"\" width=\"400\" height=\"181\" srcset=\"https:\/\/migracao.redenoticia.com.br\/noticia\/imagens\/cordel-005-400x181.jpg 400w, https:\/\/migracao.redenoticia.com.br\/noticia\/imagens\/cordel-005-250x113.jpg 250w, https:\/\/migracao.redenoticia.com.br\/noticia\/imagens\/cordel-005-150x68.jpg 150w, https:\/\/migracao.redenoticia.com.br\/noticia\/imagens\/cordel-005-560x254.jpg 560w, https:\/\/migracao.redenoticia.com.br\/noticia\/imagens\/cordel-005.jpg 686w\" sizes=\"auto, (max-width: 400px) 100vw, 400px\" \/>Novela &#8220;Cordel Encantado&#8221;:<\/em><\/strong> Herculano (Domingos Montagner) caiem uma emboscada e se esconde da volante na sala de proje\u00e7\u00e3o. O cinema \u00e9 tomado pelos policiais e Tim\u00f3teo (Bruno Gagliasso). Padre Joaquim (Gen\u00e9zio de Barros) entra para tentar negociar a rendi\u00e7\u00e3o do capit\u00e3o e trocar de lugar com as crian\u00e7as.<\/p>\n<p>J\u00e1 dentro da sala de proje\u00e7\u00e3o, Padre Joaquim tenta convencer o Rei do Canga\u00e7o a se entregar, afinal, ele est\u00e1 muito ferido.<\/p>\n<p>Herculano consente que as crian\u00e7as saiam, mas n\u00e3o aceita se entregar. Elas saem acompanhadas de Genaro (Wagner Molina). Comovida com o estado do capit\u00e3o, Maria Ces\u00e1ria (Lucy Ramos) resolve ficar.<\/p>\n<p>Com calma, Padre Joaquim conversa com o cangaceiro, mas ele est\u00e1 irredut\u00edvel. Maria Ces\u00e1ria argumenta: \u201cN\u00e3o desista de viver, Capit\u00e3o. O senhor precisa de mais tempo pra convencer seu filho da nobreza de sua luta! (&#8230;) Jesu\u00edno podia ser um grande capit\u00e3o, igual ao senhor\u201d.<\/p>\n<p>Ele se comove com as palavras da cozinheira e decide: \u201c(&#8230;) A mo\u00e7a ta certa. N\u00e3o posso morrer sem me acertar com meu filho. Padre, eu vou me entregar\u201d.<\/p>\n<p>Padre Joaquim avisa que eles v\u00e3o sair e o tenente promete n\u00e3o atacar. Mas, maldoso, ele fala baixo para seus soldados: \u201cAssim que ele sair, passem fogo no desgra\u00e7ado\u201d.<\/p>\n<p>Mas o que eles n\u00e3o esperavam \u00e9 que Maria Ces\u00e1ria se colocaria na frente do capit\u00e3o, impedindo que atirassem nele. Todos ficam surpresos e amea\u00e7am a mo\u00e7a, at\u00e9 que Rei Augusto (Carmo Dalla Vecchia) chega e ordena que abaixem as armas.<\/p>\n<p>Herculano se entrega e deixa que o levem para a pris\u00e3o.<br \/>\n&#8212;<br \/>\nDestaques<\/p>\n<p>&#8212;<br \/>\nSinopse &#8220;Cordel Encantado&#8221;: Augusto e sua rainha vivem uma vida harmoniosa e feliz, sem imaginar que est\u00e3o cercados por dois vil\u00f5es: \u00darsula (D\u00e9bora Bloch), cunhada do rei, e Nicolau (Luiz Fernando Guimar\u00e3es), o atrapalhado mordomo da corte. A bela, elegante e sofisticada duquesa \u00e9 a pessoa mais perigosa e falsa de todo o reino. Ajudada por Nicolau, seu amante, \u00darsula deseja se tornar rainha. E a viagem a Brogod\u00f3 \u00e9 a chance que a duquesa sempre quis para se livrar de Cristina e da princesa.<\/p>\n<p>A sede de poder da dupla de vil\u00f5es \u00e9 crescente: no Brasil, para onde se muda com a corte europeia, o casal continua a planejar e executar planos para conseguir o que quer. No decorrer da novela, revela-se que Lady Cec\u00edlia (Sofia Terra), que \u00darsula criava como sobrinha, \u00e9 filha da vil\u00e3 com o general Baldini (Em\u00edlio de Mello), militar do ex\u00e9rcito de Ser\u00e1fia do Norte.<\/p>\n<p>Fonte Rede Globo &#8220;Cordel Encantado\u201d<\/p>\n","protected":false},"excerpt":{"rendered":"<p>Novela &#8220;Cordel Encantado&#8221;: Herculano (Domingos Montagner) caiem uma emboscada e se esconde da volante na sala de proje\u00e7\u00e3o. O cinema \u00e9 tomado pelos policiais e Tim\u00f3teo (Bruno Gagliasso). Padre Joaquim (Gen\u00e9zio de Barros) entra para tentar negociar a rendi\u00e7\u00e3o do capit\u00e3o e trocar de lugar com as crian\u00e7as. J\u00e1 dentro da sala de proje\u00e7\u00e3o, Padre [&hellip;]<\/p>\n","protected":false},"author":2,"featured_media":64492,"comment_status":"open","ping_status":"closed","sticky":false,"template":"","format":"standard","meta":{"tdm_status":"","tdm_grid_status":"","footnotes":""},"categories":[535,388,379,375,343],"tags":[440],"class_list":{"0":"post-170420","1":"post","2":"type-post","3":"status-publish","4":"format-standard","5":"has-post-thumbnail","7":"category-cordel-encantado","8":"category-destaques","9":"category-novelas","10":"category-rede-globo","11":"category-televisao","12":"tag-noticia-novela"},"_links":{"self":[{"href":"https:\/\/migracao.redenoticia.com.br\/noticia\/wp-json\/wp\/v2\/posts\/170420","targetHints":{"allow":["GET"]}}],"collection":[{"href":"https:\/\/migracao.redenoticia.com.br\/noticia\/wp-json\/wp\/v2\/posts"}],"about":[{"href":"https:\/\/migracao.redenoticia.com.br\/noticia\/wp-json\/wp\/v2\/types\/post"}],"author":[{"embeddable":true,"href":"https:\/\/migracao.redenoticia.com.br\/noticia\/wp-json\/wp\/v2\/users\/2"}],"replies":[{"embeddable":true,"href":"https:\/\/migracao.redenoticia.com.br\/noticia\/wp-json\/wp\/v2\/comments?post=170420"}],"version-history":[{"count":0,"href":"https:\/\/migracao.redenoticia.com.br\/noticia\/wp-json\/wp\/v2\/posts\/170420\/revisions"}],"wp:featuredmedia":[{"embeddable":true,"href":"https:\/\/migracao.redenoticia.com.br\/noticia\/wp-json\/wp\/v2\/media\/64492"}],"wp:attachment":[{"href":"https:\/\/migracao.redenoticia.com.br\/noticia\/wp-json\/wp\/v2\/media?parent=170420"}],"wp:term":[{"taxonomy":"category","embeddable":true,"href":"https:\/\/migracao.redenoticia.com.br\/noticia\/wp-json\/wp\/v2\/categories?post=170420"},{"taxonomy":"post_tag","embeddable":true,"href":"https:\/\/migracao.redenoticia.com.br\/noticia\/wp-json\/wp\/v2\/tags?post=170420"}],"curies":[{"name":"wp","href":"https:\/\/api.w.org\/{rel}","templated":true}]}}