{"id":1705,"date":"2009-05-16T17:43:35","date_gmt":"2009-05-16T21:43:35","guid":{"rendered":"http:\/\/www.redenoticia.com.br\/noticia\/?p=1705"},"modified":"2009-05-16T17:43:35","modified_gmt":"2009-05-16T21:43:35","slug":"social-do-rede-noticia-abracos-deste-final-de-semana-vao-para%e2%80%a6","status":"publish","type":"post","link":"https:\/\/migracao.redenoticia.com.br\/noticia\/2009\/social-do-rede-noticia-abracos-deste-final-de-semana-vao-para%e2%80%a6\/1705","title":{"rendered":"Social do Rede Not\u00edcia &#8211; Abra\u00e7os deste final de semana v\u00e3o para\u2026"},"content":{"rendered":"<p>&#8211; abra\u00e7o aos leitores ass\u00edduos;<\/p>\n<p>&#8211; ao Tergon, que est\u00e1 empenhado a fazer mais um Oscar Mulher, evento de prest\u00edgio internacional e tradi\u00e7\u00e3o em Ji-Paran\u00e1;<\/p>\n<p>&#8211; ao Laerte Gomes, presidente da Associa\u00e7\u00e3o dos Munic\u00edpios de Rond\u00f4nia (ARON) e prefeito de Alvorada do Oeste, que <span style=\"font-family: Arial;\">realizar\u00e1 na pr\u00f3xima ter\u00e7a-feira (19) reuni\u00e3o com o Sistema da Prote\u00e7\u00e3o da Amaz\u00f4nia (Sipam) e todos os prefeitos dos munic\u00edpios de Rond\u00f4nia<\/span>;<\/p>\n<p>&#8211; \u00e0 equipe constituida pela Funda\u00e7\u00e3o Cultural que est\u00e1 empenhada em ampliar a visita\u00e7\u00e3o ao Museu das Comunica\u00e7\u00f5es;<\/p>\n<p>N\u00e3o percam os abra\u00e7os de amanh\u00e3.<\/p>\n","protected":false},"excerpt":{"rendered":"<p>&#8211; abra\u00e7o aos leitores ass\u00edduos; &#8211; ao Tergon, que est\u00e1 empenhado a fazer mais um Oscar Mulher, evento de prest\u00edgio internacional e tradi\u00e7\u00e3o em Ji-Paran\u00e1; &#8211; ao Laerte Gomes, presidente da Associa\u00e7\u00e3o dos Munic\u00edpios de Rond\u00f4nia (ARON) e prefeito de Alvorada do Oeste, que realizar\u00e1 na pr\u00f3xima ter\u00e7a-feira (19) reuni\u00e3o com o Sistema da Prote\u00e7\u00e3o [&hellip;]<\/p>\n","protected":false},"author":3,"featured_media":0,"comment_status":"open","ping_status":"open","sticky":false,"template":"","format":"standard","meta":{"tdm_status":"","tdm_grid_status":"","footnotes":""},"categories":[22],"tags":[],"class_list":{"0":"post-1705","1":"post","2":"type-post","3":"status-publish","4":"format-standard","6":"category-brasil"},"_links":{"self":[{"href":"https:\/\/migracao.redenoticia.com.br\/noticia\/wp-json\/wp\/v2\/posts\/1705","targetHints":{"allow":["GET"]}}],"collection":[{"href":"https:\/\/migracao.redenoticia.com.br\/noticia\/wp-json\/wp\/v2\/posts"}],"about":[{"href":"https:\/\/migracao.redenoticia.com.br\/noticia\/wp-json\/wp\/v2\/types\/post"}],"author":[{"embeddable":true,"href":"https:\/\/migracao.redenoticia.com.br\/noticia\/wp-json\/wp\/v2\/users\/3"}],"replies":[{"embeddable":true,"href":"https:\/\/migracao.redenoticia.com.br\/noticia\/wp-json\/wp\/v2\/comments?post=1705"}],"version-history":[{"count":0,"href":"https:\/\/migracao.redenoticia.com.br\/noticia\/wp-json\/wp\/v2\/posts\/1705\/revisions"}],"wp:attachment":[{"href":"https:\/\/migracao.redenoticia.com.br\/noticia\/wp-json\/wp\/v2\/media?parent=1705"}],"wp:term":[{"taxonomy":"category","embeddable":true,"href":"https:\/\/migracao.redenoticia.com.br\/noticia\/wp-json\/wp\/v2\/categories?post=1705"},{"taxonomy":"post_tag","embeddable":true,"href":"https:\/\/migracao.redenoticia.com.br\/noticia\/wp-json\/wp\/v2\/tags?post=1705"}],"curies":[{"name":"wp","href":"https:\/\/api.w.org\/{rel}","templated":true}]}}