{"id":170546,"date":"2019-02-26T16:24:28","date_gmt":"2019-02-26T19:24:28","guid":{"rendered":"https:\/\/www.redenoticia.com.br\/noticia\/?p=170546"},"modified":"2019-02-26T16:24:30","modified_gmt":"2019-02-26T19:24:30","slug":"resumo-novela-carrossel-27-02-alunos-protestam-contra-saida-de-firmino","status":"publish","type":"post","link":"https:\/\/migracao.redenoticia.com.br\/noticia\/2019\/resumo-novela-carrossel-27-02-alunos-protestam-contra-saida-de-firmino\/170546","title":{"rendered":"Resumo novela \u201cCarrossel\u201d 27\/02: Alunos protestam contra sa\u00edda de Firmino"},"content":{"rendered":"<p><strong><em><img loading=\"lazy\" decoding=\"async\" class=\"aligncenter size-large wp-image-148668\" src=\"https:\/\/migracao.redenoticia.com.br\/noticia\/imagens\/carrossel-400x268.jpg\" alt=\"\" width=\"400\" height=\"268\" srcset=\"https:\/\/migracao.redenoticia.com.br\/noticia\/imagens\/carrossel-400x268.jpg 400w, https:\/\/migracao.redenoticia.com.br\/noticia\/imagens\/carrossel-250x168.jpg 250w, https:\/\/migracao.redenoticia.com.br\/noticia\/imagens\/carrossel-150x101.jpg 150w, https:\/\/migracao.redenoticia.com.br\/noticia\/imagens\/carrossel.jpg 576w\" sizes=\"auto, (max-width: 400px) 100vw, 400px\" \/>Resumo novela \u201cCarrossel\u201d 27\/02 <\/em><\/strong>: no cap\u00edtulo 145(*) da novela, quarta-feira, 27 de fevereiro, Firmino vai embora do col\u00e9gio, mas antes diz: \u201cmuito obrigado\u201d, no p\u00e1tio da escola vazio. Helena conta pra Ren\u00ea que as crian\u00e7as insistiram muito para que ela continue dando aula para eles. Firmino vai at\u00e9 a casa de Helena, diz que foi mandado embora e pede ajuda. Alberto e Jos\u00e9 conversam pra entender o que aconteceu entre seus filhos. Jos\u00e9 leva Cirilo pra explicar melhor a situa\u00e7\u00e3o para os dois. Ren\u00ea e Helena se prontificam a falar com Ol\u00edvia. Cirilo conta o que na realidade aconteceu e Alberto fica decepcionado com o comportamento de Jorge. Alberto coloca o filho de castigo e o deixa um m\u00eas sem carro.<\/p>\n<p>Rafael oferece sua casa para que Firmino possa ficar por um tempo. Jaime diz que vai ser como morar com seu av\u00f4, que morreu antes dele nascer. Rosana conversa com Alberto e decidem dar um cachorro para Jorge com a esperan\u00e7a de que a compaix\u00e3o do menino aumente com um animal de estima\u00e7\u00e3o. Antes de dormir, Jorge reclama chateado que n\u00e3o aguenta mais se sentir t\u00e3o sozinho. No outro dia, Helena tenta convencer Ol\u00edvia a mudar de ideia. De repente come\u00e7a uma manifesta\u00e7\u00e3o na escola em prol do Firmino. A manifesta\u00e7\u00e3o de Cirilo, Laura, M\u00e1rio, Jaime e Paulo \u00e9 inspirada no movimento \u2018Caras Pintadas\u2019, do qual o pai do M\u00e1rio participou na juventude.<\/p>\n<p>As crian\u00e7as gritam: \u201cFirmino J\u00e1!\u201d. Rosana e Jorge v\u00e3o ao PetShop escolher um filhote de cachorro. Por\u00e9m os cachorros abandonados e adultos que est\u00e3o para ado\u00e7\u00e3o acabam chamando mais sua aten\u00e7\u00e3o do que os filhotes a venda. Em um ato de bondade, Jorge diz para a m\u00e3e que quer levar uma cachorra da ra\u00e7a de Rabito. Ol\u00edvia se descabela toda com a bagun\u00e7a do protesto e fica em estado de nervos. Os pais das crian\u00e7as chegam \u00e0 escola. A diretora pensa que isso representa a volta da ordem, mas para sua infelicidade os pais se unem a seus filhos no protesto.<\/p>\n<p>(*) edi\u00e7\u00e3o do SBT, Novela \u201cCarrossel\u201d, sujeito a altera\u00e7\u00e3o de data e conte\u00fado.<\/p>\n","protected":false},"excerpt":{"rendered":"<p>Resumo novela \u201cCarrossel\u201d 27\/02 : no cap\u00edtulo 145(*) da novela, quarta-feira, 27 de fevereiro, Firmino vai embora do col\u00e9gio, mas antes diz: \u201cmuito obrigado\u201d, no p\u00e1tio da escola vazio. Helena conta pra Ren\u00ea que as crian\u00e7as insistiram muito para que ela continue dando aula para eles. Firmino vai at\u00e9 a casa de Helena, diz que [&hellip;]<\/p>\n","protected":false},"author":4,"featured_media":148667,"comment_status":"open","ping_status":"closed","sticky":false,"template":"","format":"standard","meta":{"tdm_status":"","tdm_grid_status":"","footnotes":""},"categories":[503,379,372,343],"tags":[441],"class_list":{"0":"post-170546","1":"post","2":"type-post","3":"status-publish","4":"format-standard","5":"has-post-thumbnail","7":"category-carrossel","8":"category-novelas","9":"category-sbt","10":"category-televisao","11":"tag-resumo-do-dia"},"_links":{"self":[{"href":"https:\/\/migracao.redenoticia.com.br\/noticia\/wp-json\/wp\/v2\/posts\/170546","targetHints":{"allow":["GET"]}}],"collection":[{"href":"https:\/\/migracao.redenoticia.com.br\/noticia\/wp-json\/wp\/v2\/posts"}],"about":[{"href":"https:\/\/migracao.redenoticia.com.br\/noticia\/wp-json\/wp\/v2\/types\/post"}],"author":[{"embeddable":true,"href":"https:\/\/migracao.redenoticia.com.br\/noticia\/wp-json\/wp\/v2\/users\/4"}],"replies":[{"embeddable":true,"href":"https:\/\/migracao.redenoticia.com.br\/noticia\/wp-json\/wp\/v2\/comments?post=170546"}],"version-history":[{"count":0,"href":"https:\/\/migracao.redenoticia.com.br\/noticia\/wp-json\/wp\/v2\/posts\/170546\/revisions"}],"wp:featuredmedia":[{"embeddable":true,"href":"https:\/\/migracao.redenoticia.com.br\/noticia\/wp-json\/wp\/v2\/media\/148667"}],"wp:attachment":[{"href":"https:\/\/migracao.redenoticia.com.br\/noticia\/wp-json\/wp\/v2\/media?parent=170546"}],"wp:term":[{"taxonomy":"category","embeddable":true,"href":"https:\/\/migracao.redenoticia.com.br\/noticia\/wp-json\/wp\/v2\/categories?post=170546"},{"taxonomy":"post_tag","embeddable":true,"href":"https:\/\/migracao.redenoticia.com.br\/noticia\/wp-json\/wp\/v2\/tags?post=170546"}],"curies":[{"name":"wp","href":"https:\/\/api.w.org\/{rel}","templated":true}]}}