{"id":170556,"date":"2019-02-26T16:27:55","date_gmt":"2019-02-26T19:27:55","guid":{"rendered":"https:\/\/www.redenoticia.com.br\/noticia\/?p=170556"},"modified":"2019-02-26T16:27:58","modified_gmt":"2019-02-26T19:27:58","slug":"resumo-novela-cordel-encantado-27-02-felipe-ve-dora-vestida-como-fuba","status":"publish","type":"post","link":"https:\/\/migracao.redenoticia.com.br\/noticia\/2019\/resumo-novela-cordel-encantado-27-02-felipe-ve-dora-vestida-como-fuba\/170556","title":{"rendered":"Resumo novela \u201cCordel Encantado\u201d 27\/02: Felipe v\u00ea Dora vestida como Fub\u00e1"},"content":{"rendered":"<p><img loading=\"lazy\" decoding=\"async\" class=\"aligncenter size-large wp-image-165214\" src=\"https:\/\/migracao.redenoticia.com.br\/noticia\/imagens\/cordel-004-319x300.jpg\" alt=\"\" width=\"319\" height=\"300\" srcset=\"https:\/\/migracao.redenoticia.com.br\/noticia\/imagens\/cordel-004-319x300.jpg 319w, https:\/\/migracao.redenoticia.com.br\/noticia\/imagens\/cordel-004-199x187.jpg 199w, https:\/\/migracao.redenoticia.com.br\/noticia\/imagens\/cordel-004-150x141.jpg 150w, https:\/\/migracao.redenoticia.com.br\/noticia\/imagens\/cordel-004.jpg 669w, https:\/\/migracao.redenoticia.com.br\/noticia\/imagens\/cordel-004-560x527.jpg 560w\" sizes=\"auto, (max-width: 319px) 100vw, 319px\" \/><strong><em>Resumo novela \u201cCordel Encantado\u201d 27\/02 <\/em><\/strong>: no cap\u00edtulo 032(*) da novela, resumo de quarta-feira, 27 de fevereiro, Jesu\u00edno aceita fugir com A\u00e7ucena. Herculano e Bel se assustam com a constata\u00e7\u00e3o de C\u00e2ndida de que C\u00edcero est\u00e1 vivo. Dora diz a Felipe que n\u00e3o conhece Fub\u00e1, mas ele n\u00e3o acredita. Ant\u00f4nia ouve Tim\u00f3teo armando com Bator\u00e9 contra Herculano. Pen\u00e9lope informa aos cangaceiros a proposta de paz feita por Pat\u00e1cio. Euz\u00e9bio pede que Augusto o leve com Virtuosa e A\u00e7ucena para Ser\u00e1fia. Benvinda tenta convencer Jesu\u00edno a aceitar Herculano como pai.<\/p>\n<p>Jana\u00edna e Genaro veem Petrus. Ademar compra a corrente de ouro de A\u00e7ucena. Pen\u00e9lope pensa em Bel. Galego avisa a Dora sobre a fuga de Jesu\u00edno e A\u00e7ucena e pede que ela os ajude. Ant\u00f4nia prende Lilica em seu quarto e foge da fazenda. Felipe v\u00ea Dora vestida como Fub\u00e1. Euz\u00e9bio e Augusto descobrem que A\u00e7ucena fugiu. Ant\u00f4nia conta para Jesu\u00edno sobre a armadilha que Tim\u00f3teo armou para seu pai. Herculano e seu bando chegam a Brogod\u00f3.<\/p>\n<p>(*) edi\u00e7\u00e3o da Rede Globo, Novela \u201cCordel Encantado\u201d, sujeito a altera\u00e7\u00e3o de data e conte\u00fado.<\/p>\n<p>Sinopse \u201cCordel Encantado\u201d: Vendo o marido muito ferido, depois de mais uma terr\u00edvel batalha, a rainha Helena (Mariana Lima) vai ao castelo inimigo amaldi\u00e7oar toda a fam\u00edlia do rei Augusto. Faz isso gr\u00e1vida de In\u00e1cio (Maur\u00edcio Destri) e acompanhada de seu filho mais velho, Felipe (Jayme Matarazzo). O monarca se comove com a dor de Helena e, por sugest\u00e3o de Cristina, prop\u00f5e um acordo a Teobaldo, ferido mortalmente: seus primog\u00eanitos Aurora e Felipe devem se casar quando atingirem a maior idade, unificando e trazendo paz aos dois estados. Teobaldo aceita o acordo e morre logo depois. As duas crian\u00e7as s\u00e3o apresentadas publicamente como os futuros reis de Ser\u00e1fia.<\/p>\n<p>Seguindo a interpreta\u00e7\u00e3o on\u00edrica feita por Amadeus, uma longa viagem come\u00e7a a ser planejada. Zen\u00f3bio Alfredo (Guilherme Fontes), bot\u00e2nico de Ser\u00e1fia do Norte, que estava no Brasil envolvido com pesquisas cient\u00edficas, traz ao rei not\u00edcias de um tesouro, escondido em terras tropicais pelo fundador do reino, Dom Serafim. O bot\u00e2nico sugere que o rei financie uma expedi\u00e7\u00e3o a Brogod\u00f3, e Augusto, amante das ci\u00eancias e das aventuras, n\u00e3o s\u00f3 concorda com a ideia como faz quest\u00e3o de liderar a empreitada. O rei s\u00f3 n\u00e3o contava que sua esposa, a rainha Cristina, resolveria acompanh\u00e1-lo, levando consigo a pequena Aurora.<\/p>\n","protected":false},"excerpt":{"rendered":"<p>Resumo novela \u201cCordel Encantado\u201d 27\/02 : no cap\u00edtulo 032(*) da novela, resumo de quarta-feira, 27 de fevereiro, Jesu\u00edno aceita fugir com A\u00e7ucena. Herculano e Bel se assustam com a constata\u00e7\u00e3o de C\u00e2ndida de que C\u00edcero est\u00e1 vivo. Dora diz a Felipe que n\u00e3o conhece Fub\u00e1, mas ele n\u00e3o acredita. Ant\u00f4nia ouve Tim\u00f3teo armando com Bator\u00e9 [&hellip;]<\/p>\n","protected":false},"author":4,"featured_media":165215,"comment_status":"open","ping_status":"closed","sticky":false,"template":"","format":"standard","meta":{"tdm_status":"","tdm_grid_status":"","footnotes":""},"categories":[535,379,375,343],"tags":[441],"class_list":{"0":"post-170556","1":"post","2":"type-post","3":"status-publish","4":"format-standard","5":"has-post-thumbnail","7":"category-cordel-encantado","8":"category-novelas","9":"category-rede-globo","10":"category-televisao","11":"tag-resumo-do-dia"},"_links":{"self":[{"href":"https:\/\/migracao.redenoticia.com.br\/noticia\/wp-json\/wp\/v2\/posts\/170556","targetHints":{"allow":["GET"]}}],"collection":[{"href":"https:\/\/migracao.redenoticia.com.br\/noticia\/wp-json\/wp\/v2\/posts"}],"about":[{"href":"https:\/\/migracao.redenoticia.com.br\/noticia\/wp-json\/wp\/v2\/types\/post"}],"author":[{"embeddable":true,"href":"https:\/\/migracao.redenoticia.com.br\/noticia\/wp-json\/wp\/v2\/users\/4"}],"replies":[{"embeddable":true,"href":"https:\/\/migracao.redenoticia.com.br\/noticia\/wp-json\/wp\/v2\/comments?post=170556"}],"version-history":[{"count":0,"href":"https:\/\/migracao.redenoticia.com.br\/noticia\/wp-json\/wp\/v2\/posts\/170556\/revisions"}],"wp:featuredmedia":[{"embeddable":true,"href":"https:\/\/migracao.redenoticia.com.br\/noticia\/wp-json\/wp\/v2\/media\/165215"}],"wp:attachment":[{"href":"https:\/\/migracao.redenoticia.com.br\/noticia\/wp-json\/wp\/v2\/media?parent=170556"}],"wp:term":[{"taxonomy":"category","embeddable":true,"href":"https:\/\/migracao.redenoticia.com.br\/noticia\/wp-json\/wp\/v2\/categories?post=170556"},{"taxonomy":"post_tag","embeddable":true,"href":"https:\/\/migracao.redenoticia.com.br\/noticia\/wp-json\/wp\/v2\/tags?post=170556"}],"curies":[{"name":"wp","href":"https:\/\/api.w.org\/{rel}","templated":true}]}}