{"id":170752,"date":"2019-02-27T20:40:21","date_gmt":"2019-02-27T23:40:21","guid":{"rendered":"https:\/\/www.redenoticia.com.br\/noticia\/?p=170752"},"modified":"2019-02-28T20:58:05","modified_gmt":"2019-02-28T23:58:05","slug":"novela-jesus-resumo-28-02-jesus-cura-bartimeu","status":"publish","type":"post","link":"https:\/\/migracao.redenoticia.com.br\/noticia\/2019\/novela-jesus-resumo-28-02-jesus-cura-bartimeu\/170752","title":{"rendered":"Novela \u201cJesus\u201d resumo 28\/02: Jesus cura Bartimeu"},"content":{"rendered":"<p><em><strong><img loading=\"lazy\" decoding=\"async\" class=\"aligncenter size-large wp-image-149879\" src=\"https:\/\/migracao.redenoticia.com.br\/noticia\/imagens\/jesus-novela-record-400x174.jpg\" alt=\"\" width=\"400\" height=\"174\" srcset=\"https:\/\/migracao.redenoticia.com.br\/noticia\/imagens\/jesus-novela-record-400x174.jpg 400w, https:\/\/migracao.redenoticia.com.br\/noticia\/imagens\/jesus-novela-record-250x109.jpg 250w, https:\/\/migracao.redenoticia.com.br\/noticia\/imagens\/jesus-novela-record-768x335.jpg 768w, https:\/\/migracao.redenoticia.com.br\/noticia\/imagens\/jesus-novela-record-696x303.jpg 696w, https:\/\/migracao.redenoticia.com.br\/noticia\/imagens\/jesus-novela-record-150x65.jpg 150w, https:\/\/migracao.redenoticia.com.br\/noticia\/imagens\/jesus-novela-record.jpg 780w\" sizes=\"auto, (max-width: 400px) 100vw, 400px\" \/>Novela \u201cJesus\u201d resumo 28\/02<\/strong><\/em>: no capitulo 156 (*) da novela, quinta-feira, 28 de fevereiro, An\u00e1s tenta impedir a fuga de Judite, mas ela golpeia o pr\u00f3prio pai. Ela se encontra com Dimas e Gestas e se esconde na carro\u00e7a. Eles s\u00e3o surpreendidos com a chegada de soldados romanos, que d\u00e3o voz de pris\u00e3o aos irm\u00e3os. Judite \u00e9 descoberta na carro\u00e7a e finge estar sendo sequestrada. Caif\u00e1s avisa que Judite morrer\u00e1 apedrejada.<\/p>\n<p>Caif\u00e1s avisa que Judite morrer\u00e1 apedrejada. Deborah e Tiago Justo se casam. Judite \u00e9 apedrejada. L\u00e1zaro casa com Susana. Alguns dias se passam. Fariseus a caminho de Jerusal\u00e9m para a p\u00e1scoa, veem jesus e os ap\u00f3stolos. O Messias ensina sobre o reino de Deus e a vinda do filho do homem. Jesus recebe as crian\u00e7as trazidas por Deborah e Tiago Justo. Ele diz que delas ser\u00e3o o reino dos c\u00e9us.<\/p>\n<p>(*) edi\u00e7\u00e3o da Rede Record, Novela \u201cJesus\u201d, sujeito a altera\u00e7\u00e3o de data e conte\u00fado.<\/p>\n<p>\u201cJesus\u201d &#8211; Ap\u00f3s receber a anuncia\u00e7\u00e3o de que o filho de Deus estava a caminho, Maria (Cl\u00e1udia Mauro) d\u00e1 a luz ao escolhido e, junto com o marido Jos\u00e9 (Michel Bercovitch), cria com valores e bons princ\u00edpios o jovem escolhido Jesus (Dudu Azevedo). A profecia do escolhido incomoda o rei Herodes (Paulo Gorgulho), que passa a perseguir a fam\u00edlia, for\u00e7ando Maria e Jos\u00e9 a criarem Jesus como um jovem comum longe de sua miss\u00e3o.<\/p>\n","protected":false},"excerpt":{"rendered":"<p>Novela \u201cJesus\u201d resumo 28\/02: no capitulo 156 (*) da novela, quinta-feira, 28 de fevereiro, An\u00e1s tenta impedir a fuga de Judite, mas ela golpeia o pr\u00f3prio pai. Ela se encontra com Dimas e Gestas e se esconde na carro\u00e7a. Eles s\u00e3o surpreendidos com a chegada de soldados romanos, que d\u00e3o voz de pris\u00e3o aos irm\u00e3os. [&hellip;]<\/p>\n","protected":false},"author":2,"featured_media":148138,"comment_status":"open","ping_status":"closed","sticky":false,"template":"","format":"standard","meta":{"tdm_status":"","tdm_grid_status":"","footnotes":""},"categories":[488,379,371,343],"tags":[441],"class_list":{"0":"post-170752","1":"post","2":"type-post","3":"status-publish","4":"format-standard","5":"has-post-thumbnail","7":"category-jesus","8":"category-novelas","9":"category-rede-record","10":"category-televisao","11":"tag-resumo-do-dia"},"_links":{"self":[{"href":"https:\/\/migracao.redenoticia.com.br\/noticia\/wp-json\/wp\/v2\/posts\/170752","targetHints":{"allow":["GET"]}}],"collection":[{"href":"https:\/\/migracao.redenoticia.com.br\/noticia\/wp-json\/wp\/v2\/posts"}],"about":[{"href":"https:\/\/migracao.redenoticia.com.br\/noticia\/wp-json\/wp\/v2\/types\/post"}],"author":[{"embeddable":true,"href":"https:\/\/migracao.redenoticia.com.br\/noticia\/wp-json\/wp\/v2\/users\/2"}],"replies":[{"embeddable":true,"href":"https:\/\/migracao.redenoticia.com.br\/noticia\/wp-json\/wp\/v2\/comments?post=170752"}],"version-history":[{"count":0,"href":"https:\/\/migracao.redenoticia.com.br\/noticia\/wp-json\/wp\/v2\/posts\/170752\/revisions"}],"wp:featuredmedia":[{"embeddable":true,"href":"https:\/\/migracao.redenoticia.com.br\/noticia\/wp-json\/wp\/v2\/media\/148138"}],"wp:attachment":[{"href":"https:\/\/migracao.redenoticia.com.br\/noticia\/wp-json\/wp\/v2\/media?parent=170752"}],"wp:term":[{"taxonomy":"category","embeddable":true,"href":"https:\/\/migracao.redenoticia.com.br\/noticia\/wp-json\/wp\/v2\/categories?post=170752"},{"taxonomy":"post_tag","embeddable":true,"href":"https:\/\/migracao.redenoticia.com.br\/noticia\/wp-json\/wp\/v2\/tags?post=170752"}],"curies":[{"name":"wp","href":"https:\/\/api.w.org\/{rel}","templated":true}]}}