{"id":170831,"date":"2019-02-28T15:29:29","date_gmt":"2019-02-28T18:29:29","guid":{"rendered":"https:\/\/www.redenoticia.com.br\/noticia\/?p=170831"},"modified":"2019-02-28T16:50:16","modified_gmt":"2019-02-28T19:50:16","slug":"resumo-novela-cordel-encantado-01-03-jesuino-reconhece-herculano-como-pai","status":"publish","type":"post","link":"https:\/\/migracao.redenoticia.com.br\/noticia\/2019\/resumo-novela-cordel-encantado-01-03-jesuino-reconhece-herculano-como-pai\/170831","title":{"rendered":"Resumo novela \u201cCordel Encantado\u201d 01\/03: Jesu\u00edno reconhece Herculano como pai"},"content":{"rendered":"<p><img loading=\"lazy\" decoding=\"async\" class=\"aligncenter size-large wp-image-165214\" src=\"https:\/\/migracao.redenoticia.com.br\/noticia\/imagens\/cordel-004-319x300.jpg\" alt=\"\" width=\"319\" height=\"300\" srcset=\"https:\/\/migracao.redenoticia.com.br\/noticia\/imagens\/cordel-004-319x300.jpg 319w, https:\/\/migracao.redenoticia.com.br\/noticia\/imagens\/cordel-004-199x187.jpg 199w, https:\/\/migracao.redenoticia.com.br\/noticia\/imagens\/cordel-004-150x141.jpg 150w, https:\/\/migracao.redenoticia.com.br\/noticia\/imagens\/cordel-004.jpg 669w, https:\/\/migracao.redenoticia.com.br\/noticia\/imagens\/cordel-004-560x527.jpg 560w\" sizes=\"auto, (max-width: 319px) 100vw, 319px\" \/><strong><em>Resumo novela \u201cCordel Encantado\u201d 01\/03 <\/em><\/strong>: no cap\u00edtulo 034(*) da novela, resumo de sexta-feira, 01 de mar\u00e7o, No capitulo 034, sexta-feira, 01 de mar\u00e7o \u2013 Tim\u00f3teo insiste com o tenente da volante para invadir o cinema. C\u00e2ndida acusa Pen\u00e9lope de ter tra\u00eddo o bando e Bel fica inconsol\u00e1vel. Herculano, ferido, implora que Ces\u00e1ria o ajude. \u00darsula se enfurece com Nicolau ao saber que Cec\u00edlia est\u00e1 presa no cinema e que o capit\u00e3o est\u00e1 ferido. Florinda n\u00e3o deixa que Petrus a beije. A\u00e7ucena se lamenta com Bartira por n\u00e3o poder ficar com Jesu\u00edno. Ternurinha n\u00e3o para de falar e Z\u00f3io-Furado fica impaciente.<\/p>\n<p>Ces\u00e1ria cuida de Herculano, que decide se render. Ant\u00f4nia sofre por causa de In\u00e1cio. A\u00e7ucena foge para encontrar seu noivo. Petrus fala com Zen\u00f3bio que ainda n\u00e3o recuperou sua mem\u00f3ria. Nicolau amea\u00e7a contar todas as arma\u00e7\u00f5es de \u00darsula se ela for procurar Herculano. Ces\u00e1ria protege Herculano e n\u00e3o fala com Augusto ao sair do cinema. Jesu\u00edno reconhece Herculano como pai e tenta impedir Bator\u00e9 de lev\u00e1-lo para a pris\u00e3o.<\/p>\n<p>Destaques<\/p>\n<p>(*) edi\u00e7\u00e3o da Rede Globo, Novela \u201cCordel Encantado\u201d, sujeito a altera\u00e7\u00e3o de data e conte\u00fado.<\/p>\n<p>Sinopse \u201cCordel Encantado\u201d: Vendo o marido muito ferido, depois de mais uma terr\u00edvel batalha, a rainha Helena (Mariana Lima) vai ao castelo inimigo amaldi\u00e7oar toda a fam\u00edlia do rei Augusto. Faz isso gr\u00e1vida de In\u00e1cio (Maur\u00edcio Destri) e acompanhada de seu filho mais velho, Felipe (Jayme Matarazzo). O monarca se comove com a dor de Helena e, por sugest\u00e3o de Cristina, prop\u00f5e um acordo a Teobaldo, ferido mortalmente: seus primog\u00eanitos Aurora e Felipe devem se casar quando atingirem a maior idade, unificando e trazendo paz aos dois estados. Teobaldo aceita o acordo e morre logo depois. As duas crian\u00e7as s\u00e3o apresentadas publicamente como os futuros reis de Ser\u00e1fia.<\/p>\n<p>Seguindo a interpreta\u00e7\u00e3o on\u00edrica feita por Amadeus, uma longa viagem come\u00e7a a ser planejada. Zen\u00f3bio Alfredo (Guilherme Fontes), bot\u00e2nico de Ser\u00e1fia do Norte, que estava no Brasil envolvido com pesquisas cient\u00edficas, traz ao rei not\u00edcias de um tesouro, escondido em terras tropicais pelo fundador do reino, Dom Serafim. O bot\u00e2nico sugere que o rei financie uma expedi\u00e7\u00e3o a Brogod\u00f3, e Augusto, amante das ci\u00eancias e das aventuras, n\u00e3o s\u00f3 concorda com a ideia como faz quest\u00e3o de liderar a empreitada. O rei s\u00f3 n\u00e3o contava que sua esposa, a rainha Cristina, resolveria acompanh\u00e1-lo, levando consigo a pequena Aurora.<\/p>\n","protected":false},"excerpt":{"rendered":"<p>Resumo novela \u201cCordel Encantado\u201d 01\/03 : no cap\u00edtulo 034(*) da novela, resumo de sexta-feira, 01 de mar\u00e7o, No capitulo 034, sexta-feira, 01 de mar\u00e7o \u2013 Tim\u00f3teo insiste com o tenente da volante para invadir o cinema. C\u00e2ndida acusa Pen\u00e9lope de ter tra\u00eddo o bando e Bel fica inconsol\u00e1vel. Herculano, ferido, implora que Ces\u00e1ria o ajude. [&hellip;]<\/p>\n","protected":false},"author":4,"featured_media":165215,"comment_status":"open","ping_status":"closed","sticky":false,"template":"","format":"standard","meta":{"tdm_status":"","tdm_grid_status":"","footnotes":""},"categories":[535,379,375,343],"tags":[441],"class_list":{"0":"post-170831","1":"post","2":"type-post","3":"status-publish","4":"format-standard","5":"has-post-thumbnail","7":"category-cordel-encantado","8":"category-novelas","9":"category-rede-globo","10":"category-televisao","11":"tag-resumo-do-dia"},"_links":{"self":[{"href":"https:\/\/migracao.redenoticia.com.br\/noticia\/wp-json\/wp\/v2\/posts\/170831","targetHints":{"allow":["GET"]}}],"collection":[{"href":"https:\/\/migracao.redenoticia.com.br\/noticia\/wp-json\/wp\/v2\/posts"}],"about":[{"href":"https:\/\/migracao.redenoticia.com.br\/noticia\/wp-json\/wp\/v2\/types\/post"}],"author":[{"embeddable":true,"href":"https:\/\/migracao.redenoticia.com.br\/noticia\/wp-json\/wp\/v2\/users\/4"}],"replies":[{"embeddable":true,"href":"https:\/\/migracao.redenoticia.com.br\/noticia\/wp-json\/wp\/v2\/comments?post=170831"}],"version-history":[{"count":0,"href":"https:\/\/migracao.redenoticia.com.br\/noticia\/wp-json\/wp\/v2\/posts\/170831\/revisions"}],"wp:featuredmedia":[{"embeddable":true,"href":"https:\/\/migracao.redenoticia.com.br\/noticia\/wp-json\/wp\/v2\/media\/165215"}],"wp:attachment":[{"href":"https:\/\/migracao.redenoticia.com.br\/noticia\/wp-json\/wp\/v2\/media?parent=170831"}],"wp:term":[{"taxonomy":"category","embeddable":true,"href":"https:\/\/migracao.redenoticia.com.br\/noticia\/wp-json\/wp\/v2\/categories?post=170831"},{"taxonomy":"post_tag","embeddable":true,"href":"https:\/\/migracao.redenoticia.com.br\/noticia\/wp-json\/wp\/v2\/tags?post=170831"}],"curies":[{"name":"wp","href":"https:\/\/api.w.org\/{rel}","templated":true}]}}