{"id":170862,"date":"2019-03-02T21:19:15","date_gmt":"2019-03-03T00:19:15","guid":{"rendered":"https:\/\/www.redenoticia.com.br\/noticia\/?p=170862"},"modified":"2019-03-02T21:59:49","modified_gmt":"2019-03-03T00:59:49","slug":"novela-cordel-encantado-cesaria-aceita-pedido-de-casamento","status":"publish","type":"post","link":"https:\/\/migracao.redenoticia.com.br\/noticia\/2019\/novela-cordel-encantado-cesaria-aceita-pedido-de-casamento\/170862","title":{"rendered":"Novela &#8220;Cordel Encantado&#8221;: Ces\u00e1ria aceita pedido de casamento"},"content":{"rendered":"<p><strong><em><img loading=\"lazy\" decoding=\"async\" class=\"aligncenter size-large wp-image-165215\" src=\"https:\/\/migracao.redenoticia.com.br\/noticia\/imagens\/cordel-003-400x300.jpg\" alt=\"\" width=\"400\" height=\"300\" srcset=\"https:\/\/migracao.redenoticia.com.br\/noticia\/imagens\/cordel-003-400x300.jpg 400w, https:\/\/migracao.redenoticia.com.br\/noticia\/imagens\/cordel-003-250x187.jpg 250w, https:\/\/migracao.redenoticia.com.br\/noticia\/imagens\/cordel-003-150x113.jpg 150w, https:\/\/migracao.redenoticia.com.br\/noticia\/imagens\/cordel-003-265x198.jpg 265w, https:\/\/migracao.redenoticia.com.br\/noticia\/imagens\/cordel-003.jpg 480w\" sizes=\"auto, (max-width: 400px) 100vw, 400px\" \/>Novela &#8220;Cordel Encantado&#8221;:<\/em><\/strong> Rei Augusto (Carmo Dalla Vecchia) briga com Maria Ces\u00e1ria (Lucy Ramos) por ci\u00fames de Herculano (Domingos Montagner). Ele se arrepende: \u201cMe desculpe, Maria Ces\u00e1ria. As coisas que eu disse hoje \u00e0 tarde foram ditadas pelos ci\u00fames.\u201d<\/p>\n<p>Comovida, ela responde: \u201cE rei por acaso se arrepende? Tem muita coisa mesmo que eu n\u00e3o sei sobre reis&#8230;\u201d.<\/p>\n<p>Eles se olham apaixonados, at\u00e9 que Augusto se ajoelha diante da amada: \u201c(&#8230;) Maria Ces\u00e1ria, voc\u00ea quer ser minha mulher? Minha rainha?\u201d. Sem pensar, ela responde que sim. Os dois se beijam e passam a noite juntos.<\/p>\n<p>Ao acordar, Ces\u00e1ria se apressa para voltar \u00e0 cozinha sem que ningu\u00e9m perceba que ela passou a noite com o rei. Mas Augusto a tranquiliza e, como prova de seu amor, lhe d\u00e1 um lindo anel.<\/p>\n<p>Sinopse &#8220;Cordel Encantado&#8221;: Augusto e sua rainha vivem uma vida harmoniosa e feliz, sem imaginar que est\u00e3o cercados por dois vil\u00f5es: \u00darsula (D\u00e9bora Bloch), cunhada do rei, e Nicolau (Luiz Fernando Guimar\u00e3es), o atrapalhado mordomo da corte. A bela, elegante e sofisticada duquesa \u00e9 a pessoa mais perigosa e falsa de todo o reino. Ajudada por Nicolau, seu amante, \u00darsula deseja se tornar rainha. E a viagem a Brogod\u00f3 \u00e9 a chance que a duquesa sempre quis para se livrar de Cristina e da princesa.<\/p>\n<p>A sede de poder da dupla de vil\u00f5es \u00e9 crescente: no Brasil, para onde se muda com a corte europeia, o casal continua a planejar e executar planos para conseguir o que quer. No decorrer da novela, revela-se que Lady Cec\u00edlia (Sofia Terra), que \u00darsula criava como sobrinha, \u00e9 filha da vil\u00e3 com o general Baldini (Em\u00edlio de Mello), militar do ex\u00e9rcito de Ser\u00e1fia do Norte.<\/p>\n<p>Fonte Rede Globo &#8220;Cordel Encantado\u201d<\/p>\n","protected":false},"excerpt":{"rendered":"<p>Novela &#8220;Cordel Encantado&#8221;: Rei Augusto (Carmo Dalla Vecchia) briga com Maria Ces\u00e1ria (Lucy Ramos) por ci\u00fames de Herculano (Domingos Montagner). Ele se arrepende: \u201cMe desculpe, Maria Ces\u00e1ria. As coisas que eu disse hoje \u00e0 tarde foram ditadas pelos ci\u00fames.\u201d Comovida, ela responde: \u201cE rei por acaso se arrepende? Tem muita coisa mesmo que eu n\u00e3o [&hellip;]<\/p>\n","protected":false},"author":2,"featured_media":165213,"comment_status":"open","ping_status":"closed","sticky":false,"template":"","format":"standard","meta":{"tdm_status":"","tdm_grid_status":"","footnotes":""},"categories":[535,388,379,375,343],"tags":[440],"class_list":{"0":"post-170862","1":"post","2":"type-post","3":"status-publish","4":"format-standard","5":"has-post-thumbnail","7":"category-cordel-encantado","8":"category-destaques","9":"category-novelas","10":"category-rede-globo","11":"category-televisao","12":"tag-noticia-novela"},"_links":{"self":[{"href":"https:\/\/migracao.redenoticia.com.br\/noticia\/wp-json\/wp\/v2\/posts\/170862","targetHints":{"allow":["GET"]}}],"collection":[{"href":"https:\/\/migracao.redenoticia.com.br\/noticia\/wp-json\/wp\/v2\/posts"}],"about":[{"href":"https:\/\/migracao.redenoticia.com.br\/noticia\/wp-json\/wp\/v2\/types\/post"}],"author":[{"embeddable":true,"href":"https:\/\/migracao.redenoticia.com.br\/noticia\/wp-json\/wp\/v2\/users\/2"}],"replies":[{"embeddable":true,"href":"https:\/\/migracao.redenoticia.com.br\/noticia\/wp-json\/wp\/v2\/comments?post=170862"}],"version-history":[{"count":0,"href":"https:\/\/migracao.redenoticia.com.br\/noticia\/wp-json\/wp\/v2\/posts\/170862\/revisions"}],"wp:featuredmedia":[{"embeddable":true,"href":"https:\/\/migracao.redenoticia.com.br\/noticia\/wp-json\/wp\/v2\/media\/165213"}],"wp:attachment":[{"href":"https:\/\/migracao.redenoticia.com.br\/noticia\/wp-json\/wp\/v2\/media?parent=170862"}],"wp:term":[{"taxonomy":"category","embeddable":true,"href":"https:\/\/migracao.redenoticia.com.br\/noticia\/wp-json\/wp\/v2\/categories?post=170862"},{"taxonomy":"post_tag","embeddable":true,"href":"https:\/\/migracao.redenoticia.com.br\/noticia\/wp-json\/wp\/v2\/tags?post=170862"}],"curies":[{"name":"wp","href":"https:\/\/api.w.org\/{rel}","templated":true}]}}