{"id":171191,"date":"2019-03-04T13:36:38","date_gmt":"2019-03-04T16:36:38","guid":{"rendered":"https:\/\/www.redenoticia.com.br\/noticia\/?p=171191"},"modified":"2019-03-04T13:36:41","modified_gmt":"2019-03-04T16:36:41","slug":"resumo-novela-teresa-05-03-mariano-diz-a-arthur-que-teresa-pode-ficar-tetraplegica","status":"publish","type":"post","link":"https:\/\/migracao.redenoticia.com.br\/noticia\/2019\/resumo-novela-teresa-05-03-mariano-diz-a-arthur-que-teresa-pode-ficar-tetraplegica\/171191","title":{"rendered":"Resumo novela \u201cTeresa\u201d 05\/03: Mariano diz a Arthur que Teresa pode ficar tetrapl\u00e9gica"},"content":{"rendered":"<p><strong><em><img loading=\"lazy\" decoding=\"async\" class=\"aligncenter size-large wp-image-153986\" src=\"https:\/\/migracao.redenoticia.com.br\/noticia\/imagens\/teresa-sbt-360x300.jpg\" alt=\"\" width=\"360\" height=\"300\" srcset=\"https:\/\/migracao.redenoticia.com.br\/noticia\/imagens\/teresa-sbt-360x300.jpg 360w, https:\/\/migracao.redenoticia.com.br\/noticia\/imagens\/teresa-sbt-224x187.jpg 224w, https:\/\/migracao.redenoticia.com.br\/noticia\/imagens\/teresa-sbt-150x125.jpg 150w, https:\/\/migracao.redenoticia.com.br\/noticia\/imagens\/teresa-sbt.jpg 503w\" sizes=\"auto, (max-width: 360px) 100vw, 360px\" \/>Resumo novela \u201cTeresa\u201d 05\/03 <\/em><\/strong>: no cap\u00edtulo 106(*) da novela, ter\u00e7a-feira, 05 de mar\u00e7o, o m\u00e9dico diz a Arthur e aos pais de Teresa que conseguiram extrair uma das balas de seu corpo, mas que a outra est\u00e1 muito pr\u00f3xima \u00e0 coluna, e h\u00e1 riscos em uma eventual opera\u00e7\u00e3o. Ele confirma que o estado de Teresa \u00e9 cr\u00edtico. Aurora diz a Mariano que Teresa pode ficar tetrapl\u00e9gica, e \u00e9 sua responsabilidade dizer isso a Arthur e aos pais de Teresa, pois eles precisam estar prevenidos. Mariano, chorando, diz que em m\u00e1 hora Teresa foi proteger Arthur, pois tem certeza que ela preferiria a morte de Arthur a ficar atada a uma cama para sempre.<\/p>\n<p>Aurora diz que Teresa n\u00e3o \u00e9 assim, e faria o mesmo por qualquer outra pessoa, o que mostra sua nobreza. A\u00edda chama Mariano para sair e ele a diz que precisa ficar para estar ao lado de Teresa. A\u00edda o lembra que Mariano \u00e9 pediatra e que quem tem que ficar com Teresa \u00e9 o Doutor Alcazar. Magda diz a Mariano que existe uma emerg\u00eancia, mas o faz apenas para livr\u00e1-lo de A\u00edda, que j\u00e1 estava possessa de ci\u00fames. Joana tenta justificar a presen\u00e7a de Roberto no hospital, dizendo que ele est\u00e1 l\u00e1 apenas para apoiar Regina e Armando. Heitor responde que sabe que Roberto est\u00e1 ali por ela, e s\u00f3 cabe a mesma dizer quem quer a seu lado.<\/p>\n<p>Mariano decide terminar sua rela\u00e7\u00e3o com A\u00edda, pois depois do ocorrido com Teresa tem certeza de que jamais poder\u00e1 esquec\u00ea-la. A\u00edda, furiosa, responde que jamais ir\u00e1 perdo\u00e1-lo. Martin prop\u00f5e casamento a Aurora e ela aceita. A\u00edda, furiosa, diz a Genoveva que at\u00e9 moribunda Teresa segue atrapalhando sua vida, pois Mariano acaba de terminar com ela por causa do sentimento que ainda sente pela ex. A\u00edda diz a Genoveva que no come\u00e7o s\u00f3 saia com Mariano para afrontar Teresa, mas que depois apaixonou-se de verdade por ele. Joana pede a Mariano que permita que o Doutor Alcazar cuide de Teresa, pois assim Arthur ficaria mais tranquilo. Mariano diz a Arthur que Teresa pode ficar tetrapl\u00e9gica para sempre.<\/p>\n<p>(*) edi\u00e7\u00e3o do SBT, Novela \u201cTeresa\u201d, sujeito a altera\u00e7\u00e3o de data e conte\u00fado.<\/p>\n<p>&#8220;Teresa&#8221; \u00e9 uma jovem dominada pela ambi\u00e7\u00e3o, mas n\u00e3o est\u00e1 disposta a trabalhar para melhorar sua condi\u00e7\u00e3o social e opta pelo caminho do engano e da trai\u00e7\u00e3o. Seus pais fizeram um grande sacrif\u00edcio para lhe dar uma vida digna e sem car\u00eancias, mas para ela nada \u00e9 suficiente. Mariano est\u00e1 loucamente apaixonado por ela, a apoia incondicionalmente e est\u00e1 sempre a sua disposi\u00e7\u00e3o. Mas ela, apesar de gostar de Mariano, o v\u00ea apenas como algo de sua propriedade. Sempre que tem oportunidade, deixa o jovem para ir atr\u00e1s de homens com poder e fortuna. Ela s\u00f3 volta a ficar com ele quando sabe que h\u00e1 outras mulheres interessadas.<\/p>\n","protected":false},"excerpt":{"rendered":"<p>Resumo novela \u201cTeresa\u201d 05\/03 : no cap\u00edtulo 106(*) da novela, ter\u00e7a-feira, 05 de mar\u00e7o, o m\u00e9dico diz a Arthur e aos pais de Teresa que conseguiram extrair uma das balas de seu corpo, mas que a outra est\u00e1 muito pr\u00f3xima \u00e0 coluna, e h\u00e1 riscos em uma eventual opera\u00e7\u00e3o. Ele confirma que o estado de [&hellip;]<\/p>\n","protected":false},"author":4,"featured_media":82052,"comment_status":"open","ping_status":"closed","sticky":false,"template":"","format":"standard","meta":{"tdm_status":"","tdm_grid_status":"","footnotes":""},"categories":[379,372,343],"tags":[441],"class_list":{"0":"post-171191","1":"post","2":"type-post","3":"status-publish","4":"format-standard","5":"has-post-thumbnail","7":"category-novelas","8":"category-sbt","9":"category-televisao","10":"tag-resumo-do-dia"},"_links":{"self":[{"href":"https:\/\/migracao.redenoticia.com.br\/noticia\/wp-json\/wp\/v2\/posts\/171191","targetHints":{"allow":["GET"]}}],"collection":[{"href":"https:\/\/migracao.redenoticia.com.br\/noticia\/wp-json\/wp\/v2\/posts"}],"about":[{"href":"https:\/\/migracao.redenoticia.com.br\/noticia\/wp-json\/wp\/v2\/types\/post"}],"author":[{"embeddable":true,"href":"https:\/\/migracao.redenoticia.com.br\/noticia\/wp-json\/wp\/v2\/users\/4"}],"replies":[{"embeddable":true,"href":"https:\/\/migracao.redenoticia.com.br\/noticia\/wp-json\/wp\/v2\/comments?post=171191"}],"version-history":[{"count":0,"href":"https:\/\/migracao.redenoticia.com.br\/noticia\/wp-json\/wp\/v2\/posts\/171191\/revisions"}],"wp:featuredmedia":[{"embeddable":true,"href":"https:\/\/migracao.redenoticia.com.br\/noticia\/wp-json\/wp\/v2\/media\/82052"}],"wp:attachment":[{"href":"https:\/\/migracao.redenoticia.com.br\/noticia\/wp-json\/wp\/v2\/media?parent=171191"}],"wp:term":[{"taxonomy":"category","embeddable":true,"href":"https:\/\/migracao.redenoticia.com.br\/noticia\/wp-json\/wp\/v2\/categories?post=171191"},{"taxonomy":"post_tag","embeddable":true,"href":"https:\/\/migracao.redenoticia.com.br\/noticia\/wp-json\/wp\/v2\/tags?post=171191"}],"curies":[{"name":"wp","href":"https:\/\/api.w.org\/{rel}","templated":true}]}}