{"id":171199,"date":"2019-03-04T13:44:11","date_gmt":"2019-03-04T16:44:11","guid":{"rendered":"https:\/\/www.redenoticia.com.br\/noticia\/?p=171199"},"modified":"2019-03-04T13:44:14","modified_gmt":"2019-03-04T16:44:14","slug":"resumo-novela-cordel-encantado-05-03-fuba-e-bel-conseguem-libertar-herculano","status":"publish","type":"post","link":"https:\/\/migracao.redenoticia.com.br\/noticia\/2019\/resumo-novela-cordel-encantado-05-03-fuba-e-bel-conseguem-libertar-herculano\/171199","title":{"rendered":"Resumo novela \u201cCordel Encantado\u201d 05\/03: Fub\u00e1 e Bel conseguem libertar Herculano"},"content":{"rendered":"<p><img loading=\"lazy\" decoding=\"async\" class=\"aligncenter size-large wp-image-165214\" src=\"https:\/\/migracao.redenoticia.com.br\/noticia\/imagens\/cordel-004-319x300.jpg\" alt=\"\" width=\"319\" height=\"300\" srcset=\"https:\/\/migracao.redenoticia.com.br\/noticia\/imagens\/cordel-004-319x300.jpg 319w, https:\/\/migracao.redenoticia.com.br\/noticia\/imagens\/cordel-004-199x187.jpg 199w, https:\/\/migracao.redenoticia.com.br\/noticia\/imagens\/cordel-004-150x141.jpg 150w, https:\/\/migracao.redenoticia.com.br\/noticia\/imagens\/cordel-004.jpg 669w, https:\/\/migracao.redenoticia.com.br\/noticia\/imagens\/cordel-004-560x527.jpg 560w\" sizes=\"auto, (max-width: 319px) 100vw, 319px\" \/><strong><em>Resumo novela \u201cCordel Encantado\u201d 05\/03 <\/em><\/strong>: no cap\u00edtulo 036(*) da novela, resumo de ter\u00e7a-feira, 05 de mar\u00e7o, Baldini v\u00ea Augusto e Ces\u00e1ria se beijando. Ant\u00f4nia vai embora com Bator\u00e9 e Tim\u00f3teo se diverte com Lilica. Ternurinha chega ao pal\u00e1cio. Jesu\u00edno e os cangaceiros interceptam o tenente e os soldados da volante para libertar Herculano. Jesu\u00edno tenta salvar Herculano, mas o tenente o enfrenta.<\/p>\n<p>Fausto e Pat\u00e1cio ajudam Ternurinha a se acomodar em seu quarto. Fub\u00e1 e Bel conseguem libertar Herculano. Felipe se preocupa com Dora. Petrus tem um pesadelo e Zen\u00f3bio e Florinda tentam acalm\u00e1-lo. Baldini recrimina Augusto por causa de Ces\u00e1ria. Zen\u00f3bio conversa com Baldini sobre a morte de Petrus. Helena fica desolada por causa de In\u00e1cio. A\u00e7ucena foge para procurar Jesu\u00edno.<\/p>\n<p>(*) edi\u00e7\u00e3o da Rede Globo, Novela \u201cCordel Encantado\u201d, sujeito a altera\u00e7\u00e3o de data e conte\u00fado.<\/p>\n<p>Sinopse \u201cCordel Encantado\u201d: Vendo o marido muito ferido, depois de mais uma terr\u00edvel batalha, a rainha Helena (Mariana Lima) vai ao castelo inimigo amaldi\u00e7oar toda a fam\u00edlia do rei Augusto. Faz isso gr\u00e1vida de In\u00e1cio (Maur\u00edcio Destri) e acompanhada de seu filho mais velho, Felipe (Jayme Matarazzo). O monarca se comove com a dor de Helena e, por sugest\u00e3o de Cristina, prop\u00f5e um acordo a Teobaldo, ferido mortalmente: seus primog\u00eanitos Aurora e Felipe devem se casar quando atingirem a maior idade, unificando e trazendo paz aos dois estados. Teobaldo aceita o acordo e morre logo depois. As duas crian\u00e7as s\u00e3o apresentadas publicamente como os futuros reis de Ser\u00e1fia.<\/p>\n<p>Seguindo a interpreta\u00e7\u00e3o on\u00edrica feita por Amadeus, uma longa viagem come\u00e7a a ser planejada. Zen\u00f3bio Alfredo (Guilherme Fontes), bot\u00e2nico de Ser\u00e1fia do Norte, que estava no Brasil envolvido com pesquisas cient\u00edficas, traz ao rei not\u00edcias de um tesouro, escondido em terras tropicais pelo fundador do reino, Dom Serafim. O bot\u00e2nico sugere que o rei financie uma expedi\u00e7\u00e3o a Brogod\u00f3, e Augusto, amante das ci\u00eancias e das aventuras, n\u00e3o s\u00f3 concorda com a ideia como faz quest\u00e3o de liderar a empreitada. O rei s\u00f3 n\u00e3o contava que sua esposa, a rainha Cristina, resolveria acompanh\u00e1-lo, levando consigo a pequena Aurora.<\/p>\n","protected":false},"excerpt":{"rendered":"<p>Resumo novela \u201cCordel Encantado\u201d 05\/03 : no cap\u00edtulo 036(*) da novela, resumo de ter\u00e7a-feira, 05 de mar\u00e7o, Baldini v\u00ea Augusto e Ces\u00e1ria se beijando. Ant\u00f4nia vai embora com Bator\u00e9 e Tim\u00f3teo se diverte com Lilica. Ternurinha chega ao pal\u00e1cio. Jesu\u00edno e os cangaceiros interceptam o tenente e os soldados da volante para libertar Herculano. Jesu\u00edno [&hellip;]<\/p>\n","protected":false},"author":4,"featured_media":165215,"comment_status":"open","ping_status":"closed","sticky":false,"template":"","format":"standard","meta":{"tdm_status":"","tdm_grid_status":"","footnotes":""},"categories":[535,379,375,343],"tags":[441],"class_list":{"0":"post-171199","1":"post","2":"type-post","3":"status-publish","4":"format-standard","5":"has-post-thumbnail","7":"category-cordel-encantado","8":"category-novelas","9":"category-rede-globo","10":"category-televisao","11":"tag-resumo-do-dia"},"_links":{"self":[{"href":"https:\/\/migracao.redenoticia.com.br\/noticia\/wp-json\/wp\/v2\/posts\/171199","targetHints":{"allow":["GET"]}}],"collection":[{"href":"https:\/\/migracao.redenoticia.com.br\/noticia\/wp-json\/wp\/v2\/posts"}],"about":[{"href":"https:\/\/migracao.redenoticia.com.br\/noticia\/wp-json\/wp\/v2\/types\/post"}],"author":[{"embeddable":true,"href":"https:\/\/migracao.redenoticia.com.br\/noticia\/wp-json\/wp\/v2\/users\/4"}],"replies":[{"embeddable":true,"href":"https:\/\/migracao.redenoticia.com.br\/noticia\/wp-json\/wp\/v2\/comments?post=171199"}],"version-history":[{"count":0,"href":"https:\/\/migracao.redenoticia.com.br\/noticia\/wp-json\/wp\/v2\/posts\/171199\/revisions"}],"wp:featuredmedia":[{"embeddable":true,"href":"https:\/\/migracao.redenoticia.com.br\/noticia\/wp-json\/wp\/v2\/media\/165215"}],"wp:attachment":[{"href":"https:\/\/migracao.redenoticia.com.br\/noticia\/wp-json\/wp\/v2\/media?parent=171199"}],"wp:term":[{"taxonomy":"category","embeddable":true,"href":"https:\/\/migracao.redenoticia.com.br\/noticia\/wp-json\/wp\/v2\/categories?post=171199"},{"taxonomy":"post_tag","embeddable":true,"href":"https:\/\/migracao.redenoticia.com.br\/noticia\/wp-json\/wp\/v2\/tags?post=171199"}],"curies":[{"name":"wp","href":"https:\/\/api.w.org\/{rel}","templated":true}]}}