{"id":171287,"date":"2019-03-16T22:15:41","date_gmt":"2019-03-17T01:15:41","guid":{"rendered":"https:\/\/www.redenoticia.com.br\/noticia\/?p=171287"},"modified":"2019-03-17T18:57:10","modified_gmt":"2019-03-17T21:57:10","slug":"novela-verao-90-vanessa-foge-para-a-europa-e-se-da-bem","status":"publish","type":"post","link":"https:\/\/migracao.redenoticia.com.br\/noticia\/2019\/novela-verao-90-vanessa-foge-para-a-europa-e-se-da-bem\/171287","title":{"rendered":"Novela \u201cVer\u00e3o 90\u201d: Vanessa vira Duquesa e humilha Jer\u00f4nimo"},"content":{"rendered":"<p><strong><em><img loading=\"lazy\" decoding=\"async\" class=\"aligncenter size-large wp-image-167198\" src=\"https:\/\/migracao.redenoticia.com.br\/noticia\/imagens\/verao-90-resumo-globo-capitulos-394x300.jpg\" alt=\"\" width=\"394\" height=\"300\" srcset=\"https:\/\/migracao.redenoticia.com.br\/noticia\/imagens\/verao-90-resumo-globo-capitulos-394x300.jpg 394w, https:\/\/migracao.redenoticia.com.br\/noticia\/imagens\/verao-90-resumo-globo-capitulos-246x187.jpg 246w, https:\/\/migracao.redenoticia.com.br\/noticia\/imagens\/verao-90-resumo-globo-capitulos-560x426.jpg 560w, https:\/\/migracao.redenoticia.com.br\/noticia\/imagens\/verao-90-resumo-globo-capitulos.jpg 661w\" sizes=\"auto, (max-width: 394px) 100vw, 394px\" \/>Novela \u201cVer\u00e3o 90\u201d:<\/em><\/strong> Vanessa (Camila Queiroz) trai Jo\u00e3o e ele \u00e9 condenado pela morte da VJ Nicole (B\u00e1rbara Fran\u00e7a). Quinzinho (Caio Paduan) fica livre do crime e a fam\u00edlia dele manda Vanessa para Londres. Ela se casa, vira Duquesa e volta ao Brasil para humilhar os antigos conhecidos.<\/p>\n<p>Jer\u00f4nimo (Jesu\u00edta Barbosa) a confronta, mas ela o enfrenta: \u201cVoc\u00ea n\u00e3o entendeu? A gente tava falando russo, por acaso? Meu marido resolveu abrir uma Pop Tv na R\u00fassia&#8230; Pra voc\u00ea, \u00e9 duquesa de Kiev! Agora sai do meu caminho, porque se eu come\u00e7ar a gritar, eu acabo com a tua vida! Voc\u00ea n\u00e3o tem ideia do poder do Alexander! Fica tranquilo, o passado pra mim est\u00e1 morto e enterrado. Ah, eu vi a foto do Homem do Ano! C\u00ea continua bem fotog\u00eanico, Roj\u00ea\u201d. Vanessa deixa o recinto e Jer\u00f4nimo fica tenso.<\/p>\n<p>Destaques<\/p>\n<p>&#8212;<br \/>\nSinopse \u201cVer\u00e3o 90\u201d: O Rio de Janeiro da d\u00e9cada de 1990, a cultura efervescente da \u00e9poca, os acontecimentos sociais e pol\u00edticos, a m\u00fasica e a moda est\u00e3o presentes em \u2018Ver\u00e3o 90\u2019, uma com\u00e9dia rom\u00e2ntica, solar e musical, escrita por Izabel de Oliveira e Paula Amaral, com dire\u00e7\u00e3o art\u00edstica de Jorge Fernando. A pr\u00f3xima novela das sete vai mostrar a trajet\u00f3ria de tr\u00eas ex-astros mirins e suas m\u00e3es batalhadoras, Lidiane (Claudia Raia) e Jana\u00edna (Dira Paes), cada uma a seu modo. A previs\u00e3o de estreia \u00e9 para o in\u00edcio de 2019. A hist\u00f3ria rom\u00e2ntica e musical que tem como protagonistas o trio Jo\u00e3o (Jo\u00e3o Bravo\/Rafael Vitti), Manuzita (Melissa N\u00f3brega\/Isabelle Drummond) e Jer\u00f4nimo (Diogo Caruso\/Jesu\u00edta Barbosa).<\/p>\n","protected":false},"excerpt":{"rendered":"<p>Novela \u201cVer\u00e3o 90\u201d: Vanessa (Camila Queiroz) trai Jo\u00e3o e ele \u00e9 condenado pela morte da VJ Nicole (B\u00e1rbara Fran\u00e7a). Quinzinho (Caio Paduan) fica livre do crime e a fam\u00edlia dele manda Vanessa para Londres. Ela se casa, vira Duquesa e volta ao Brasil para humilhar os antigos conhecidos. Jer\u00f4nimo (Jesu\u00edta Barbosa) a confronta, mas ela [&hellip;]<\/p>\n","protected":false},"author":2,"featured_media":168051,"comment_status":"open","ping_status":"closed","sticky":false,"template":"","format":"standard","meta":{"tdm_status":"","tdm_grid_status":"","footnotes":""},"categories":[388,379,375,343,536],"tags":[440],"class_list":{"0":"post-171287","1":"post","2":"type-post","3":"status-publish","4":"format-standard","5":"has-post-thumbnail","7":"category-destaques","8":"category-novelas","9":"category-rede-globo","10":"category-televisao","11":"category-verao-90","12":"tag-noticia-novela"},"_links":{"self":[{"href":"https:\/\/migracao.redenoticia.com.br\/noticia\/wp-json\/wp\/v2\/posts\/171287","targetHints":{"allow":["GET"]}}],"collection":[{"href":"https:\/\/migracao.redenoticia.com.br\/noticia\/wp-json\/wp\/v2\/posts"}],"about":[{"href":"https:\/\/migracao.redenoticia.com.br\/noticia\/wp-json\/wp\/v2\/types\/post"}],"author":[{"embeddable":true,"href":"https:\/\/migracao.redenoticia.com.br\/noticia\/wp-json\/wp\/v2\/users\/2"}],"replies":[{"embeddable":true,"href":"https:\/\/migracao.redenoticia.com.br\/noticia\/wp-json\/wp\/v2\/comments?post=171287"}],"version-history":[{"count":0,"href":"https:\/\/migracao.redenoticia.com.br\/noticia\/wp-json\/wp\/v2\/posts\/171287\/revisions"}],"wp:featuredmedia":[{"embeddable":true,"href":"https:\/\/migracao.redenoticia.com.br\/noticia\/wp-json\/wp\/v2\/media\/168051"}],"wp:attachment":[{"href":"https:\/\/migracao.redenoticia.com.br\/noticia\/wp-json\/wp\/v2\/media?parent=171287"}],"wp:term":[{"taxonomy":"category","embeddable":true,"href":"https:\/\/migracao.redenoticia.com.br\/noticia\/wp-json\/wp\/v2\/categories?post=171287"},{"taxonomy":"post_tag","embeddable":true,"href":"https:\/\/migracao.redenoticia.com.br\/noticia\/wp-json\/wp\/v2\/tags?post=171287"}],"curies":[{"name":"wp","href":"https:\/\/api.w.org\/{rel}","templated":true}]}}