{"id":171292,"date":"2019-03-19T15:57:10","date_gmt":"2019-03-19T18:57:10","guid":{"rendered":"https:\/\/www.redenoticia.com.br\/noticia\/?p=171292"},"modified":"2019-03-19T17:15:51","modified_gmt":"2019-03-19T20:15:51","slug":"novela-o-setimo-guardiao-paternidade-de-luz-e-esclarecida","status":"publish","type":"post","link":"https:\/\/migracao.redenoticia.com.br\/noticia\/2019\/novela-o-setimo-guardiao-paternidade-de-luz-e-esclarecida\/171292","title":{"rendered":"Novela &#8220;O S\u00e9timo Guardi\u00e3o\u201d: Murilo descobre que tem filha e pode ser Luz"},"content":{"rendered":"<p><strong><em><img loading=\"lazy\" decoding=\"async\" class=\"aligncenter size-large wp-image-154961\" src=\"https:\/\/migracao.redenoticia.com.br\/noticia\/imagens\/o-setimo-guardiao-1-396x300.jpg\" alt=\"\" width=\"396\" height=\"300\" srcset=\"https:\/\/migracao.redenoticia.com.br\/noticia\/imagens\/o-setimo-guardiao-1-396x300.jpg 396w, https:\/\/migracao.redenoticia.com.br\/noticia\/imagens\/o-setimo-guardiao-1-247x187.jpg 247w, https:\/\/migracao.redenoticia.com.br\/noticia\/imagens\/o-setimo-guardiao-1-150x114.jpg 150w, https:\/\/migracao.redenoticia.com.br\/noticia\/imagens\/o-setimo-guardiao-1-534x405.jpg 534w, https:\/\/migracao.redenoticia.com.br\/noticia\/imagens\/o-setimo-guardiao-1.jpg 535w\" sizes=\"auto, (max-width: 396px) 100vw, 396px\" \/>Novela &#8220;O S\u00e9timo Guardi\u00e3o\u201d:<\/em><\/strong> Neide (Viviane Ara\u00fajo) encontra seu ex Murilo (Eduardo Moscovis), conta a hist\u00f3ria sobre a filha que eles tiveram e que deixou a crian\u00e7a na mata. Ele fica chateado e procura o pai.&nbsp;S\u00f3stenes (Marcos Caruso) se interessa: &#8220;E cad\u00ea essa filha? Faz tempo que corre \u00e0 boca pequena que Neide chegou a Serro Azul atr\u00e1s de uma filha que abandonou. Mas nunca se soube nada dessa crian\u00e7a. Pode at\u00e9 estar morta!&#8221;.<\/p>\n<p>Murilo conta mais detalhes: &#8220;A Neide entrou em p\u00e2nico quando teve a beb\u00ea! A m\u00e3e tinha expulsado ela de casa. Ela pariu no mato, em meio a uma tempestade &#8230; Ficou desesperada, deixou a filha embaixo de uma \u00e1rvore e, quando voltou, tempo depois, j\u00e1 n\u00e3o encontrou a beb\u00ea! \u00c9 uma hist\u00f3ria triste, que mexeu comigo. Bateu um sentimento de culpa&#8221;. S\u00f3stenes revela seu segredo: &#8220;A hist\u00f3ria dessa filha da Neide \u00e9 a mesma hist\u00f3ria da Luz! &#8230; Achei Luz rec\u00e9m-nascida no mato, em meio a uma forte tempestade. Quando vi aquele anjinho l\u00e1, pensei que tivessem abandonado ela&#8230; Que \u00e9 muita coincid\u00eancia, \u00e9. Por isso temos que tirar essa hist\u00f3ria a limpo&#8221;.<\/p>\n<p>Destaques<\/p>\n<p>Sinopse \u201cO S\u00e9timo Guardi\u00e3o\u201d: \u00c0 primeira vista, Serro Azul pode parecer apenas mais uma t\u00edpica cidade do interior, pacata e cercada por montanhas, onde avan\u00e7os tecnol\u00f3gicos como internet e telefonia celular ainda n\u00e3o chegaram. Um lugar pelo qual quem passa n\u00e3o d\u00e1 muita aten\u00e7\u00e3o, sem saber o que est\u00e1 perdendo, afinal, uma cidade que \u00e9 vizinha de Greenville e Tubiancanga n\u00e3o poderia deixar de ter suas peculiaridades. A principal delas \u00e9 uma fonte com propriedades curativas e rejuvenescedoras, que \u00e9 a parte mais externa de um gigantesco aqu\u00edfero, uma enorme reserva daquilo que a cada dia se torna o bem mais precioso da Terra: a \u00e1gua. Essa fonte \u00e9 protegida por sete guardi\u00e3es que t\u00eam como miss\u00e3o garantir que essa riqueza n\u00e3o chegue \u00e0s m\u00e3os erradas.<\/p>\n","protected":false},"excerpt":{"rendered":"<p>Novela &#8220;O S\u00e9timo Guardi\u00e3o\u201d: Neide (Viviane Ara\u00fajo) encontra seu ex Murilo (Eduardo Moscovis), conta a hist\u00f3ria sobre a filha que eles tiveram e que deixou a crian\u00e7a na mata. Ele fica chateado e procura o pai.&nbsp;S\u00f3stenes (Marcos Caruso) se interessa: &#8220;E cad\u00ea essa filha? Faz tempo que corre \u00e0 boca pequena que Neide chegou a [&hellip;]<\/p>\n","protected":false},"author":2,"featured_media":154960,"comment_status":"open","ping_status":"closed","sticky":false,"template":"","format":"standard","meta":{"tdm_status":"","tdm_grid_status":"","footnotes":""},"categories":[388,379,530,375,343],"tags":[440],"class_list":{"0":"post-171292","1":"post","2":"type-post","3":"status-publish","4":"format-standard","5":"has-post-thumbnail","7":"category-destaques","8":"category-novelas","9":"category-o-setimo-guardiao","10":"category-rede-globo","11":"category-televisao","12":"tag-noticia-novela"},"_links":{"self":[{"href":"https:\/\/migracao.redenoticia.com.br\/noticia\/wp-json\/wp\/v2\/posts\/171292","targetHints":{"allow":["GET"]}}],"collection":[{"href":"https:\/\/migracao.redenoticia.com.br\/noticia\/wp-json\/wp\/v2\/posts"}],"about":[{"href":"https:\/\/migracao.redenoticia.com.br\/noticia\/wp-json\/wp\/v2\/types\/post"}],"author":[{"embeddable":true,"href":"https:\/\/migracao.redenoticia.com.br\/noticia\/wp-json\/wp\/v2\/users\/2"}],"replies":[{"embeddable":true,"href":"https:\/\/migracao.redenoticia.com.br\/noticia\/wp-json\/wp\/v2\/comments?post=171292"}],"version-history":[{"count":0,"href":"https:\/\/migracao.redenoticia.com.br\/noticia\/wp-json\/wp\/v2\/posts\/171292\/revisions"}],"wp:featuredmedia":[{"embeddable":true,"href":"https:\/\/migracao.redenoticia.com.br\/noticia\/wp-json\/wp\/v2\/media\/154960"}],"wp:attachment":[{"href":"https:\/\/migracao.redenoticia.com.br\/noticia\/wp-json\/wp\/v2\/media?parent=171292"}],"wp:term":[{"taxonomy":"category","embeddable":true,"href":"https:\/\/migracao.redenoticia.com.br\/noticia\/wp-json\/wp\/v2\/categories?post=171292"},{"taxonomy":"post_tag","embeddable":true,"href":"https:\/\/migracao.redenoticia.com.br\/noticia\/wp-json\/wp\/v2\/tags?post=171292"}],"curies":[{"name":"wp","href":"https:\/\/api.w.org\/{rel}","templated":true}]}}