{"id":171297,"date":"2019-03-05T22:39:42","date_gmt":"2019-03-06T01:39:42","guid":{"rendered":"https:\/\/www.redenoticia.com.br\/noticia\/?p=171297"},"modified":"2019-03-08T23:44:24","modified_gmt":"2019-03-09T02:44:24","slug":"novela-cordel-encantado-volante-acerta-tiro-no-peito-de-fuba-dora","status":"publish","type":"post","link":"https:\/\/migracao.redenoticia.com.br\/noticia\/2019\/novela-cordel-encantado-volante-acerta-tiro-no-peito-de-fuba-dora\/171297","title":{"rendered":"Novela &#8220;Cordel Encantado&#8221;: volante acerta tiro no peito de Fub\u00e1\/Dora"},"content":{"rendered":"<p><strong><em><img loading=\"lazy\" decoding=\"async\" class=\"aligncenter size-large wp-image-165215\" src=\"https:\/\/migracao.redenoticia.com.br\/noticia\/imagens\/cordel-003-400x300.jpg\" alt=\"\" width=\"400\" height=\"300\" srcset=\"https:\/\/migracao.redenoticia.com.br\/noticia\/imagens\/cordel-003-400x300.jpg 400w, https:\/\/migracao.redenoticia.com.br\/noticia\/imagens\/cordel-003-250x187.jpg 250w, https:\/\/migracao.redenoticia.com.br\/noticia\/imagens\/cordel-003-150x113.jpg 150w, https:\/\/migracao.redenoticia.com.br\/noticia\/imagens\/cordel-003-265x198.jpg 265w, https:\/\/migracao.redenoticia.com.br\/noticia\/imagens\/cordel-003.jpg 480w\" sizes=\"auto, (max-width: 400px) 100vw, 400px\" \/>Novela &#8220;Cordel Encantado&#8221;:<\/em><\/strong> Tim\u00f3teo manda raptar A\u00e7ucena e a faz prisioneira. A\u00e7ucena (Bianca Bin) e Benvinda (Claudia Ohana) arrumam o quarto de Jesu\u00edno (Cau\u00e3 Reymond) e levam susto com um barulho vindo da janela. Elas s\u00e3o surpreendidas por Tibungo (Land Vieira) e um jagun\u00e7o.<\/p>\n<p>Tibungo rapta A\u00e7ucena e a leva desacordada, deixando Benvinda amarrada no p\u00e9 da cama. A\u00e7ucena \u00e9 levada para a fazenda de Tim\u00f3teo (Bruno Gagliasso), onde acorda sem entender nada. Ela percebe que est\u00e1 no antigo quarto de Ant\u00f4nia (Luiza Valdetaro) quando v\u00ea o coronel entrar no recinto.<\/p>\n<p>Vidrado na jovem, Tim\u00f3teo a trata com delicadeza. \u201cFique calma, meu amor. N\u00e3o vou lhe fazer mal nenhum\u201d.<\/p>\n<p>A\u00e7ucena se assusta ainda mais. \u201cPor que me trouxe pra c\u00e1, Tim\u00f3teo? O que voc\u00ea quer de mim? Me deixe sair, pelo amor de Deus\u201d.<\/p>\n<p>Ele n\u00e3o liga para seus pedido, sai e tranca a porta. A jovem entra em desespero e bate na porta, gritando, na esperan\u00e7a de algu\u00e9m tir\u00e1-la dali.<\/p>\n<p>Coronel quer usar a jovem como isca para prender Jesu\u00edno.<\/p>\n<p>Depois de resgatarem A\u00e7ucena da fazenda de Tim\u00f3teo, Jesu\u00edno e seu bando fogem perseguidos pela volante e por Bator\u00e9 (Osmar Prado).<\/p>\n<p>Quiquiqui (Marcello Novaes), Setembrino (Glic\u00e9rio Ros\u00e1rio), Galego (Renan Ribeiro), Fub\u00e1\/Dora (Nath\u00e1lia Dill) e Fa\u00edsca\/Felipe (Jayme Matarazzo) trocam tiros com o grupo inimigo. O pangar\u00e9 de Bator\u00e9 empaca e ele fica para tr\u00e1s.<\/p>\n<p>Jesu\u00edno segue na frente, levando A\u00e7ucena na garupa do cavalo. Dora segue o caminho de Jesu\u00edno, mas durante a fuga \u00e9 atingida por um tiro no peito.<\/p>\n<p>Ferida, a advogada entra na mata e \u00e9 seguida por Felipe. Muito fraca, ela se desequilibra e cai do cavalo.<\/p>\n<p>Desesperado, o pr\u00edncipe socorre Dora. Felipe ouve barulho da volante se aproximando, arrasta a mo\u00e7a para o meio do mato e consegue se esconder.<\/p>\n<p>Dora segura a m\u00e3o de Felipe e afirma: &#8220;N\u00e3o vou aguentar&#8230;&#8221; Mas Felipe a acalma: \u201cN\u00e3o diga isso. Vou te tirar daqui, te levar at\u00e9 um m\u00e9dico. Voc\u00ea vai ficar boa, Doralice. Prometo que voc\u00ea vai ficar boa.\u201d<\/p>\n<p>Ao conseguir despistar a volante e resgatar A\u00e7ucena (Bianca Bin), Jesu\u00edno (Cau\u00e3 Reymond) d\u00e1 falta de Fub\u00e1\/Dora (Nathalia Dill) e Fa\u00edsca\/Felipe (Jayme Matarazzo).<\/p>\n<p>Galego (Renan Ribeiro) afirma que Fub\u00e1 levou um tiro e acabou ficando para tr\u00e1s. Desesperado, Jesu\u00edno volta para o meio da mata para procurar o amigo. Para sua surpresa, ele encontra Felipe, sem o len\u00e7o no rosto, socorrendo Fub\u00e1\/Dora, que est\u00e1 ferida.<\/p>\n<p>Jesu\u00edno fica em choque: \u201cMas tu \u00e9&#8230; o pr\u00edncipe?! Que diabo t\u00e1 acontecendo?\u201d.<\/p>\n<p>Preocupado com Dora, o pr\u00edncipe apenas pede que eles ajudem a socorrer Fub\u00e1\/Dora. Jesu\u00edno a pega no colo, com cuidado.<\/p>\n<p>Dora abre os olhos e v\u00ea que \u00e9 seu amado quem est\u00e1 ali. Jesu\u00edno, ainda acreditando ser Fub\u00e1, diz: \u201cVamos levar Fub\u00e1 para Vila da Cruz. Migu\u00e9zim vai cuidar de voc\u00ea\u201d.<\/p>\n<p>Sinopse &#8220;Cordel Encantado&#8221;: Augusto e sua rainha vivem uma vida harmoniosa e feliz, sem imaginar que est\u00e3o cercados por dois vil\u00f5es: \u00darsula (D\u00e9bora Bloch), cunhada do rei, e Nicolau (Luiz Fernando Guimar\u00e3es), o atrapalhado mordomo da corte. A bela, elegante e sofisticada duquesa \u00e9 a pessoa mais perigosa e falsa de todo o reino. Ajudada por Nicolau, seu amante, \u00darsula deseja se tornar rainha. E a viagem a Brogod\u00f3 \u00e9 a chance que a duquesa sempre quis para se livrar de Cristina e da princesa.<\/p>\n<p>A sede de poder da dupla de vil\u00f5es \u00e9 crescente: no Brasil, para onde se muda com a corte europeia, o casal continua a planejar e executar planos para conseguir o que quer. No decorrer da novela, revela-se que Lady Cec\u00edlia (Sofia Terra), que \u00darsula criava como sobrinha, \u00e9 filha da vil\u00e3 com o general Baldini (Em\u00edlio de Mello), militar do ex\u00e9rcito de Ser\u00e1fia do Norte.<\/p>\n<p>Fonte Rede Globo &#8220;Cordel Encantado\u201d<\/p>\n","protected":false},"excerpt":{"rendered":"<p>Novela &#8220;Cordel Encantado&#8221;: Tim\u00f3teo manda raptar A\u00e7ucena e a faz prisioneira. A\u00e7ucena (Bianca Bin) e Benvinda (Claudia Ohana) arrumam o quarto de Jesu\u00edno (Cau\u00e3 Reymond) e levam susto com um barulho vindo da janela. Elas s\u00e3o surpreendidas por Tibungo (Land Vieira) e um jagun\u00e7o. Tibungo rapta A\u00e7ucena e a leva desacordada, deixando Benvinda amarrada no [&hellip;]<\/p>\n","protected":false},"author":2,"featured_media":99189,"comment_status":"open","ping_status":"closed","sticky":false,"template":"","format":"standard","meta":{"tdm_status":"","tdm_grid_status":"","footnotes":""},"categories":[535,379,375,343],"tags":[440],"class_list":{"0":"post-171297","1":"post","2":"type-post","3":"status-publish","4":"format-standard","5":"has-post-thumbnail","7":"category-cordel-encantado","8":"category-novelas","9":"category-rede-globo","10":"category-televisao","11":"tag-noticia-novela"},"_links":{"self":[{"href":"https:\/\/migracao.redenoticia.com.br\/noticia\/wp-json\/wp\/v2\/posts\/171297","targetHints":{"allow":["GET"]}}],"collection":[{"href":"https:\/\/migracao.redenoticia.com.br\/noticia\/wp-json\/wp\/v2\/posts"}],"about":[{"href":"https:\/\/migracao.redenoticia.com.br\/noticia\/wp-json\/wp\/v2\/types\/post"}],"author":[{"embeddable":true,"href":"https:\/\/migracao.redenoticia.com.br\/noticia\/wp-json\/wp\/v2\/users\/2"}],"replies":[{"embeddable":true,"href":"https:\/\/migracao.redenoticia.com.br\/noticia\/wp-json\/wp\/v2\/comments?post=171297"}],"version-history":[{"count":0,"href":"https:\/\/migracao.redenoticia.com.br\/noticia\/wp-json\/wp\/v2\/posts\/171297\/revisions"}],"wp:featuredmedia":[{"embeddable":true,"href":"https:\/\/migracao.redenoticia.com.br\/noticia\/wp-json\/wp\/v2\/media\/99189"}],"wp:attachment":[{"href":"https:\/\/migracao.redenoticia.com.br\/noticia\/wp-json\/wp\/v2\/media?parent=171297"}],"wp:term":[{"taxonomy":"category","embeddable":true,"href":"https:\/\/migracao.redenoticia.com.br\/noticia\/wp-json\/wp\/v2\/categories?post=171297"},{"taxonomy":"post_tag","embeddable":true,"href":"https:\/\/migracao.redenoticia.com.br\/noticia\/wp-json\/wp\/v2\/tags?post=171297"}],"curies":[{"name":"wp","href":"https:\/\/api.w.org\/{rel}","templated":true}]}}