{"id":171358,"date":"2019-03-06T16:20:10","date_gmt":"2019-03-06T19:20:10","guid":{"rendered":"https:\/\/www.redenoticia.com.br\/noticia\/?p=171358"},"modified":"2019-03-06T16:20:12","modified_gmt":"2019-03-06T19:20:12","slug":"resumo-novela-carrossel-07-03-jaime-acredita-que-a-diretora-olivia-esta-com-alzheimer","status":"publish","type":"post","link":"https:\/\/migracao.redenoticia.com.br\/noticia\/2019\/resumo-novela-carrossel-07-03-jaime-acredita-que-a-diretora-olivia-esta-com-alzheimer\/171358","title":{"rendered":"Resumo novela \u201cCarrossel\u201d 07\/03: Jaime acredita que a diretora Ol\u00edvia est\u00e1 com Alzheimer"},"content":{"rendered":"<p><strong><em><img loading=\"lazy\" decoding=\"async\" class=\"aligncenter size-large wp-image-148668\" src=\"https:\/\/migracao.redenoticia.com.br\/noticia\/imagens\/carrossel-400x268.jpg\" alt=\"\" width=\"400\" height=\"268\" srcset=\"https:\/\/migracao.redenoticia.com.br\/noticia\/imagens\/carrossel-400x268.jpg 400w, https:\/\/migracao.redenoticia.com.br\/noticia\/imagens\/carrossel-250x168.jpg 250w, https:\/\/migracao.redenoticia.com.br\/noticia\/imagens\/carrossel-150x101.jpg 150w, https:\/\/migracao.redenoticia.com.br\/noticia\/imagens\/carrossel.jpg 576w\" sizes=\"auto, (max-width: 400px) 100vw, 400px\" \/>Resumo novela \u201cCarrossel\u201d 07\/03 <\/em><\/strong>: no cap\u00edtulo 151(*) da novela, quinta-feira, 07 de mar\u00e7o, Ol\u00edvia conversa com Firmino e Gra\u00e7a. A diretora diz que os funcion\u00e1rios precisam come\u00e7ar a se preocupar com a arruma\u00e7\u00e3o da escola. O porteiro e a faxineira dizem que \u00e9 muito cedo para pensarem nisso, mas a diretora n\u00e3o se importa. Ol\u00edvia distribui uma lista de tarefas. Paulo e Kokimoto v\u00e3o \u00e0 casa de Val\u00e9ria e encontram a garota com Bibi e Marcelina. Os garotos querem encontrar a menina que Paulo est\u00e1 gostando. O encrenqueiro senta em frente a Bibi e fica a observando, mas n\u00e3o sente nada e os amigos descartam a garota. Ol\u00edvia continua irritada e briga com os funcion\u00e1rios por eles estarem limpando a sala do terceiro ano. Por\u00e9m, Ol\u00edvia esquece que foi ela mesma que mandou o porteiro e a faxineira limparem o local. Al\u00edcia chega \u00e0 casa de Val\u00e9ria e encontra Paulo na sala, o encrenqueiro fica encantando pela amiga, mas Koki n\u00e3o percebe e chama Paulo para ir \u00e0 casa de Maria Joaquina para ver se ela \u00e9 a garota.<\/p>\n<p>Ao chegarem \u00e0 casa de patricinha, os meninos ficam entediados com a conversa da riquinha e Paulo garante que n\u00e3o est\u00e1 apaixonado por ela. Firmino escuta uma conversa de Ol\u00edvia por telefone, atr\u00e1s da porta. A faxineira e o porteiro percebem a irrita\u00e7\u00e3o da diretora e ficam preocupados. Paulo e Koki v\u00e3o \u00e0 casa de Carmen e encontram a garota com Laura. Paulo n\u00e3o sente nada por nenhuma das duas e os meninos decidem ir embora. Firmino entra na diretoria para limpar e v\u00ea Ol\u00edvia chorando. A diretora diz que n\u00e3o est\u00e1 bem e o porteiro diz que ela pode contar com ele e Gra\u00e7a sempre que precisar. Ol\u00edvia atende ao telefone e sai correndo, Firmino fica preocupado. Todas as crian\u00e7as se re\u00fanem na casa abandonada, Jaime diz que eles precisam come\u00e7ar a pensar em um plano para receber a nova professora.<\/p>\n<p>As crian\u00e7as distribuem as fun\u00e7\u00f5es para come\u00e7arem a colocar o plano em pr\u00e1tica. As meninas ficam respons\u00e1veis por comprar el\u00e1sticos e tachinhas e os meninos por comprar laxante. Jaime vai \u00e0 farm\u00e1cia comprar o rem\u00e9dio, quando v\u00ea Ol\u00edvia chegando ao local. O garoto se esconde e a observa. A diretora vai embora e Jaime volta ao balc\u00e3o. O farmac\u00eautico pergunta o que ele estava fazendo escondido e o garoto diz que estava esperando Ol\u00edvia ir embora. O homem compreende e diz que sabe que n\u00e3o \u00e9 f\u00e1cil lidar com o Alzheimer. Jaime se assusta e acredita que o farmac\u00eautico estava falando da diretora Ol\u00edvia. Kokimoto percebe que Paulo est\u00e1 apaixonado por Al\u00edcia e fala ao amigo.<\/p>\n<p>O encrenqueiro fica desesperado. Jaime vai \u00e0 casa de Maria Joaquina e conta que foi \u00e1 farm\u00e1cia e descobriu que Ol\u00edvia tem Alzheimer. Furioso, Paulo discute com Marcelina. Ele a culpa por estar apaixonado e pede para que a irm\u00e3 desfa\u00e7a o feiti\u00e7o. A garota diz que a varinha era de brincadeira e que n\u00e3o jogou feiti\u00e7o nenhum no irm\u00e3o. Maria Joaquina acredita que Jaime esteja enganado e que Ol\u00edvia n\u00e3o est\u00e1 doente. Paulo encontra a varinha e a rouba de Marcelina. Miguel explica para Jaime o que \u00e9 Alzheimer e tenta tranquilizar o garoto. O pai de Maria Joaquina garante que Ol\u00edvia n\u00e3o tem essa doen\u00e7a.<\/p>\n<p>(*) edi\u00e7\u00e3o do SBT, Novela \u201cCarrossel\u201d, sujeito a altera\u00e7\u00e3o de data e conte\u00fado.<\/p>\n","protected":false},"excerpt":{"rendered":"<p>Resumo novela \u201cCarrossel\u201d 07\/03 : no cap\u00edtulo 151(*) da novela, quinta-feira, 07 de mar\u00e7o, Ol\u00edvia conversa com Firmino e Gra\u00e7a. A diretora diz que os funcion\u00e1rios precisam come\u00e7ar a se preocupar com a arruma\u00e7\u00e3o da escola. O porteiro e a faxineira dizem que \u00e9 muito cedo para pensarem nisso, mas a diretora n\u00e3o se importa. [&hellip;]<\/p>\n","protected":false},"author":4,"featured_media":148667,"comment_status":"open","ping_status":"closed","sticky":false,"template":"","format":"standard","meta":{"tdm_status":"","tdm_grid_status":"","footnotes":""},"categories":[503,379,372,343],"tags":[441],"class_list":{"0":"post-171358","1":"post","2":"type-post","3":"status-publish","4":"format-standard","5":"has-post-thumbnail","7":"category-carrossel","8":"category-novelas","9":"category-sbt","10":"category-televisao","11":"tag-resumo-do-dia"},"_links":{"self":[{"href":"https:\/\/migracao.redenoticia.com.br\/noticia\/wp-json\/wp\/v2\/posts\/171358","targetHints":{"allow":["GET"]}}],"collection":[{"href":"https:\/\/migracao.redenoticia.com.br\/noticia\/wp-json\/wp\/v2\/posts"}],"about":[{"href":"https:\/\/migracao.redenoticia.com.br\/noticia\/wp-json\/wp\/v2\/types\/post"}],"author":[{"embeddable":true,"href":"https:\/\/migracao.redenoticia.com.br\/noticia\/wp-json\/wp\/v2\/users\/4"}],"replies":[{"embeddable":true,"href":"https:\/\/migracao.redenoticia.com.br\/noticia\/wp-json\/wp\/v2\/comments?post=171358"}],"version-history":[{"count":0,"href":"https:\/\/migracao.redenoticia.com.br\/noticia\/wp-json\/wp\/v2\/posts\/171358\/revisions"}],"wp:featuredmedia":[{"embeddable":true,"href":"https:\/\/migracao.redenoticia.com.br\/noticia\/wp-json\/wp\/v2\/media\/148667"}],"wp:attachment":[{"href":"https:\/\/migracao.redenoticia.com.br\/noticia\/wp-json\/wp\/v2\/media?parent=171358"}],"wp:term":[{"taxonomy":"category","embeddable":true,"href":"https:\/\/migracao.redenoticia.com.br\/noticia\/wp-json\/wp\/v2\/categories?post=171358"},{"taxonomy":"post_tag","embeddable":true,"href":"https:\/\/migracao.redenoticia.com.br\/noticia\/wp-json\/wp\/v2\/tags?post=171358"}],"curies":[{"name":"wp","href":"https:\/\/api.w.org\/{rel}","templated":true}]}}