{"id":171362,"date":"2019-03-07T07:19:18","date_gmt":"2019-03-07T10:19:18","guid":{"rendered":"https:\/\/www.redenoticia.com.br\/noticia\/?p=171362"},"modified":"2019-03-06T16:26:53","modified_gmt":"2019-03-06T19:26:53","slug":"novela-jesus-resumo-08-03-messias-diz-que-chegou-o-juizo-final","status":"publish","type":"post","link":"https:\/\/migracao.redenoticia.com.br\/noticia\/2019\/novela-jesus-resumo-08-03-messias-diz-que-chegou-o-juizo-final\/171362","title":{"rendered":"Novela \u201cJesus\u201d resumo 08\/03: Messias diz que chegou o ju\u00edzo final"},"content":{"rendered":"<p><em><strong><img loading=\"lazy\" decoding=\"async\" class=\"aligncenter size-large wp-image-149879\" src=\"https:\/\/migracao.redenoticia.com.br\/noticia\/imagens\/jesus-novela-record-400x174.jpg\" alt=\"\" width=\"400\" height=\"174\" srcset=\"https:\/\/migracao.redenoticia.com.br\/noticia\/imagens\/jesus-novela-record-400x174.jpg 400w, https:\/\/migracao.redenoticia.com.br\/noticia\/imagens\/jesus-novela-record-250x109.jpg 250w, https:\/\/migracao.redenoticia.com.br\/noticia\/imagens\/jesus-novela-record-768x335.jpg 768w, https:\/\/migracao.redenoticia.com.br\/noticia\/imagens\/jesus-novela-record-696x303.jpg 696w, https:\/\/migracao.redenoticia.com.br\/noticia\/imagens\/jesus-novela-record-150x65.jpg 150w, https:\/\/migracao.redenoticia.com.br\/noticia\/imagens\/jesus-novela-record.jpg 780w\" sizes=\"auto, (max-width: 400px) 100vw, 400px\" \/>Novela \u201cJesus\u201d resumo 08\/03<\/strong><\/em>: no capitulo 162 (*) da novela, sexta-feira, 08 de mar\u00e7o, Jesus fica triste por saber que Jerusal\u00e9m ser\u00e1 destru\u00edda. Ele vai entrando na cidade e muitas pessoas v\u00e3o estendendo suas vestes pelo caminho, outras colocam ramos de \u00e1rvores, espalhando-os pelo ch\u00e3o, formando um colorido tapete para Ele passar. Montado no jumentinho, Jesus passa pela multid\u00e3o acompanhado dos ap\u00f3stolos e mulheres. As pessoas seguram os ramos, emocionadas. Caif\u00e1s e An\u00e1s v\u00e3o at\u00e9 Jesus, furiosos. O Messias diz que chegou o ju\u00edzo final. Caif\u00e1s e os outros arregalam os olhos e, assustados, olham para o c\u00e9u.<\/p>\n<p>(*) edi\u00e7\u00e3o da Rede Record, Novela \u201cJesus\u201d, sujeito a altera\u00e7\u00e3o de data e conte\u00fado.<\/p>\n<p>\u201cJesus\u201d &#8211; Ap\u00f3s receber a anuncia\u00e7\u00e3o de que o filho de Deus estava a caminho, Maria (Cl\u00e1udia Mauro) d\u00e1 a luz ao escolhido e, junto com o marido Jos\u00e9 (Michel Bercovitch), cria com valores e bons princ\u00edpios o jovem escolhido Jesus (Dudu Azevedo). A profecia do escolhido incomoda o rei Herodes (Paulo Gorgulho), que passa a perseguir a fam\u00edlia, for\u00e7ando Maria e Jos\u00e9 a criarem Jesus como um jovem comum longe de sua miss\u00e3o.<\/p>\n","protected":false},"excerpt":{"rendered":"<p>Novela \u201cJesus\u201d resumo 08\/03: no capitulo 162 (*) da novela, sexta-feira, 08 de mar\u00e7o, Jesus fica triste por saber que Jerusal\u00e9m ser\u00e1 destru\u00edda. Ele vai entrando na cidade e muitas pessoas v\u00e3o estendendo suas vestes pelo caminho, outras colocam ramos de \u00e1rvores, espalhando-os pelo ch\u00e3o, formando um colorido tapete para Ele passar. Montado no jumentinho, [&hellip;]<\/p>\n","protected":false},"author":2,"featured_media":148138,"comment_status":"open","ping_status":"closed","sticky":false,"template":"","format":"standard","meta":{"tdm_status":"","tdm_grid_status":"","footnotes":""},"categories":[488,379,371,343],"tags":[441],"class_list":{"0":"post-171362","1":"post","2":"type-post","3":"status-publish","4":"format-standard","5":"has-post-thumbnail","7":"category-jesus","8":"category-novelas","9":"category-rede-record","10":"category-televisao","11":"tag-resumo-do-dia"},"_links":{"self":[{"href":"https:\/\/migracao.redenoticia.com.br\/noticia\/wp-json\/wp\/v2\/posts\/171362","targetHints":{"allow":["GET"]}}],"collection":[{"href":"https:\/\/migracao.redenoticia.com.br\/noticia\/wp-json\/wp\/v2\/posts"}],"about":[{"href":"https:\/\/migracao.redenoticia.com.br\/noticia\/wp-json\/wp\/v2\/types\/post"}],"author":[{"embeddable":true,"href":"https:\/\/migracao.redenoticia.com.br\/noticia\/wp-json\/wp\/v2\/users\/2"}],"replies":[{"embeddable":true,"href":"https:\/\/migracao.redenoticia.com.br\/noticia\/wp-json\/wp\/v2\/comments?post=171362"}],"version-history":[{"count":0,"href":"https:\/\/migracao.redenoticia.com.br\/noticia\/wp-json\/wp\/v2\/posts\/171362\/revisions"}],"wp:featuredmedia":[{"embeddable":true,"href":"https:\/\/migracao.redenoticia.com.br\/noticia\/wp-json\/wp\/v2\/media\/148138"}],"wp:attachment":[{"href":"https:\/\/migracao.redenoticia.com.br\/noticia\/wp-json\/wp\/v2\/media?parent=171362"}],"wp:term":[{"taxonomy":"category","embeddable":true,"href":"https:\/\/migracao.redenoticia.com.br\/noticia\/wp-json\/wp\/v2\/categories?post=171362"},{"taxonomy":"post_tag","embeddable":true,"href":"https:\/\/migracao.redenoticia.com.br\/noticia\/wp-json\/wp\/v2\/tags?post=171362"}],"curies":[{"name":"wp","href":"https:\/\/api.w.org\/{rel}","templated":true}]}}