{"id":171363,"date":"2019-03-06T16:26:04","date_gmt":"2019-03-06T19:26:04","guid":{"rendered":"https:\/\/www.redenoticia.com.br\/noticia\/?p=171363"},"modified":"2019-03-06T16:26:05","modified_gmt":"2019-03-06T19:26:05","slug":"novela-jesus-resumo-07-03-barrabas-e-preso","status":"publish","type":"post","link":"https:\/\/migracao.redenoticia.com.br\/noticia\/2019\/novela-jesus-resumo-07-03-barrabas-e-preso\/171363","title":{"rendered":"Novela \u201cJesus\u201d resumo 07\/03: Barrab\u00e1s \u00e9 preso"},"content":{"rendered":"<p><em><strong><img loading=\"lazy\" decoding=\"async\" class=\"aligncenter size-large wp-image-149879\" src=\"https:\/\/migracao.redenoticia.com.br\/noticia\/imagens\/jesus-novela-record-400x174.jpg\" alt=\"\" width=\"400\" height=\"174\" srcset=\"https:\/\/migracao.redenoticia.com.br\/noticia\/imagens\/jesus-novela-record-400x174.jpg 400w, https:\/\/migracao.redenoticia.com.br\/noticia\/imagens\/jesus-novela-record-250x109.jpg 250w, https:\/\/migracao.redenoticia.com.br\/noticia\/imagens\/jesus-novela-record-768x335.jpg 768w, https:\/\/migracao.redenoticia.com.br\/noticia\/imagens\/jesus-novela-record-696x303.jpg 696w, https:\/\/migracao.redenoticia.com.br\/noticia\/imagens\/jesus-novela-record-150x65.jpg 150w, https:\/\/migracao.redenoticia.com.br\/noticia\/imagens\/jesus-novela-record.jpg 780w\" sizes=\"auto, (max-width: 400px) 100vw, 400px\" \/>Novela \u201cJesus\u201d resumo 07\/03<\/strong><\/em>: no capitulo 161 (*) da novela, quinta-feira, 07 de mar\u00e7o, Judas questiona aos outros disc\u00edpulos sobre os ensinamentos de Jesus e \u00e9 reprovado. Petronius acorda e se depara com Cassandra amarrada a um tronco. Barrab\u00e1s o amea\u00e7a. Ele come\u00e7a a colocar fogo nos gravetos. Satan\u00e1s fica satisfeito. Uma forte chuva cai. Barrab\u00e1s e Satan\u00e1s bufam de raiva. O anjo Gabriel sorri, satisfeito. Barrab\u00e1s \u00e9 preso. Petronius diz que ele ser\u00e1 crucificado pelo que fez. Jesus \u00e9 cercado por uma multid\u00e3o e cura um homem encurvado. Bartimeu volta para casa. Caif\u00e1s decide matar Jesus ao inv\u00e9s de prend\u00ea-lo.<\/p>\n<p>(*) edi\u00e7\u00e3o da Rede Record, Novela \u201cJesus\u201d, sujeito a altera\u00e7\u00e3o de data e conte\u00fado.<\/p>\n<p>\u201cJesus\u201d &#8211; Ap\u00f3s receber a anuncia\u00e7\u00e3o de que o filho de Deus estava a caminho, Maria (Cl\u00e1udia Mauro) d\u00e1 a luz ao escolhido e, junto com o marido Jos\u00e9 (Michel Bercovitch), cria com valores e bons princ\u00edpios o jovem escolhido Jesus (Dudu Azevedo). A profecia do escolhido incomoda o rei Herodes (Paulo Gorgulho), que passa a perseguir a fam\u00edlia, for\u00e7ando Maria e Jos\u00e9 a criarem Jesus como um jovem comum longe de sua miss\u00e3o.<\/p>\n","protected":false},"excerpt":{"rendered":"<p>Novela \u201cJesus\u201d resumo 07\/03: no capitulo 161 (*) da novela, quinta-feira, 07 de mar\u00e7o, Judas questiona aos outros disc\u00edpulos sobre os ensinamentos de Jesus e \u00e9 reprovado. Petronius acorda e se depara com Cassandra amarrada a um tronco. Barrab\u00e1s o amea\u00e7a. Ele come\u00e7a a colocar fogo nos gravetos. Satan\u00e1s fica satisfeito. Uma forte chuva cai. [&hellip;]<\/p>\n","protected":false},"author":2,"featured_media":149878,"comment_status":"open","ping_status":"closed","sticky":false,"template":"","format":"standard","meta":{"tdm_status":"","tdm_grid_status":"","footnotes":""},"categories":[488,379,371,343],"tags":[441],"class_list":{"0":"post-171363","1":"post","2":"type-post","3":"status-publish","4":"format-standard","5":"has-post-thumbnail","7":"category-jesus","8":"category-novelas","9":"category-rede-record","10":"category-televisao","11":"tag-resumo-do-dia"},"_links":{"self":[{"href":"https:\/\/migracao.redenoticia.com.br\/noticia\/wp-json\/wp\/v2\/posts\/171363","targetHints":{"allow":["GET"]}}],"collection":[{"href":"https:\/\/migracao.redenoticia.com.br\/noticia\/wp-json\/wp\/v2\/posts"}],"about":[{"href":"https:\/\/migracao.redenoticia.com.br\/noticia\/wp-json\/wp\/v2\/types\/post"}],"author":[{"embeddable":true,"href":"https:\/\/migracao.redenoticia.com.br\/noticia\/wp-json\/wp\/v2\/users\/2"}],"replies":[{"embeddable":true,"href":"https:\/\/migracao.redenoticia.com.br\/noticia\/wp-json\/wp\/v2\/comments?post=171363"}],"version-history":[{"count":0,"href":"https:\/\/migracao.redenoticia.com.br\/noticia\/wp-json\/wp\/v2\/posts\/171363\/revisions"}],"wp:featuredmedia":[{"embeddable":true,"href":"https:\/\/migracao.redenoticia.com.br\/noticia\/wp-json\/wp\/v2\/media\/149878"}],"wp:attachment":[{"href":"https:\/\/migracao.redenoticia.com.br\/noticia\/wp-json\/wp\/v2\/media?parent=171363"}],"wp:term":[{"taxonomy":"category","embeddable":true,"href":"https:\/\/migracao.redenoticia.com.br\/noticia\/wp-json\/wp\/v2\/categories?post=171363"},{"taxonomy":"post_tag","embeddable":true,"href":"https:\/\/migracao.redenoticia.com.br\/noticia\/wp-json\/wp\/v2\/tags?post=171363"}],"curies":[{"name":"wp","href":"https:\/\/api.w.org\/{rel}","templated":true}]}}