{"id":171375,"date":"2019-03-06T16:25:20","date_gmt":"2019-03-06T19:25:20","guid":{"rendered":"https:\/\/www.redenoticia.com.br\/noticia\/?p=171375"},"modified":"2019-03-06T16:25:24","modified_gmt":"2019-03-06T19:25:24","slug":"resumo-novela-cordel-encantado-07-03-tibungo-e-os-jaguncos-raptam-acucena","status":"publish","type":"post","link":"https:\/\/migracao.redenoticia.com.br\/noticia\/2019\/resumo-novela-cordel-encantado-07-03-tibungo-e-os-jaguncos-raptam-acucena\/171375","title":{"rendered":"Resumo novela \u201cCordel Encantado\u201d 07\/03: Tibungo e os jagun\u00e7os raptam A\u00e7ucena"},"content":{"rendered":"<p><img loading=\"lazy\" decoding=\"async\" class=\"aligncenter size-large wp-image-165214\" src=\"https:\/\/migracao.redenoticia.com.br\/noticia\/imagens\/cordel-004-319x300.jpg\" alt=\"\" width=\"319\" height=\"300\" srcset=\"https:\/\/migracao.redenoticia.com.br\/noticia\/imagens\/cordel-004-319x300.jpg 319w, https:\/\/migracao.redenoticia.com.br\/noticia\/imagens\/cordel-004-199x187.jpg 199w, https:\/\/migracao.redenoticia.com.br\/noticia\/imagens\/cordel-004-150x141.jpg 150w, https:\/\/migracao.redenoticia.com.br\/noticia\/imagens\/cordel-004.jpg 669w, https:\/\/migracao.redenoticia.com.br\/noticia\/imagens\/cordel-004-560x527.jpg 560w\" sizes=\"auto, (max-width: 319px) 100vw, 319px\" \/><strong><em>Resumo novela \u201cCordel Encantado\u201d 07\/03 <\/em><\/strong>: no cap\u00edtulo 037(*) da novela, resumo de quinta-feira, 07 de mar\u00e7o, Helena fica desolada por causa de In\u00e1cio. A\u00e7ucena foge para procurar Jesu\u00edno. Migu\u00e9zim avisa a A\u00e7ucena para tomar cuidado com o coronel. Tim\u00f3teo explica seu plano para Fausto. Herculano fica inquieto ao ver Pen\u00e9lope com Bator\u00e9 e Pat\u00e1cio. Farid aparece na casa de Euz\u00e9bio. Pen\u00e9lope fica arrasada quando o tenente da volante leva Herculano de volta para a delegacia. C\u00e2ndida avisa ao neto que seu plano deu errado e que eles precisam tirar Herculano da pris\u00e3o. Jesu\u00edno ouve Tim\u00f3teo tramando com Fausto para separ\u00e1-lo de A\u00e7ucena. Bartira encontra Farid na casa de Euz\u00e9bio.<\/p>\n<p>Tim\u00f3teo fica furioso ao saber que o capit\u00e3o foi libertado pelo bando da Alvorada. Augusto desaprova a empolga\u00e7\u00e3o de Ces\u00e1ria ao saber da liberta\u00e7\u00e3o de Herculano. Z\u00f3io-Furado leva \u00darsula para ver Herculano. Augusto pede Ces\u00e1ria em casamento. Herculano e \u00darsula se beijam. Jesu\u00edno e A\u00e7ucena namoram. Tim\u00f3teo suspeita da identidade do l\u00edder do bando da Alvorada.<\/p>\n<p>Virtuosa percebe que A\u00e7ucena n\u00e3o est\u00e1 em casa e Euz\u00e9bio sai para procur\u00e1-la. Tim\u00f3teo fala sobre sua desconfian\u00e7a para o tenente e Bator\u00e9 e explica seu plano para capturar o l\u00edder do bando da Alvorada. Ces\u00e1ria sai do quarto de Augusto observada por Baldini. Farid arranca um dente de Migu\u00e9zim. Euz\u00e9bio e Virtuosa acham A\u00e7ucena e Jesu\u00edno juntos.<\/p>\n<p>Euz\u00e9bio e Virtuosa encontram A\u00e7ucena e Jesu\u00edno juntos e a mo\u00e7a decide ir morar com o noivo. Nicolau vende as roupas e joias de \u00darsula para Ternurinha. Baldini ofende Ces\u00e1ria e sugere que ela se afaste de Augusto. \u00darsula pega o anel que Augusto deu a Ces\u00e1ria. A mando de Tim\u00f3teo, Tibungo e os jagun\u00e7os invadem a casa de Jesu\u00edno e levam A\u00e7ucena. Zen\u00f3bio fala o nome de \u00darsula para Petrus e ele fica descontrolado. Jesu\u00edno volta para casa e descobre que A\u00e7ucena foi levada.<\/p>\n<p>(*) edi\u00e7\u00e3o da Rede Globo, Novela \u201cCordel Encantado\u201d, sujeito a altera\u00e7\u00e3o de data e conte\u00fado.<\/p>\n<p>Sinopse \u201cCordel Encantado\u201d: Vendo o marido muito ferido, depois de mais uma terr\u00edvel batalha, a rainha Helena (Mariana Lima) vai ao castelo inimigo amaldi\u00e7oar toda a fam\u00edlia do rei Augusto. Faz isso gr\u00e1vida de In\u00e1cio (Maur\u00edcio Destri) e acompanhada de seu filho mais velho, Felipe (Jayme Matarazzo). O monarca se comove com a dor de Helena e, por sugest\u00e3o de Cristina, prop\u00f5e um acordo a Teobaldo, ferido mortalmente: seus primog\u00eanitos Aurora e Felipe devem se casar quando atingirem a maior idade, unificando e trazendo paz aos dois estados. Teobaldo aceita o acordo e morre logo depois. As duas crian\u00e7as s\u00e3o apresentadas publicamente como os futuros reis de Ser\u00e1fia.<\/p>\n<p>Seguindo a interpreta\u00e7\u00e3o on\u00edrica feita por Amadeus, uma longa viagem come\u00e7a a ser planejada. Zen\u00f3bio Alfredo (Guilherme Fontes), bot\u00e2nico de Ser\u00e1fia do Norte, que estava no Brasil envolvido com pesquisas cient\u00edficas, traz ao rei not\u00edcias de um tesouro, escondido em terras tropicais pelo fundador do reino, Dom Serafim. O bot\u00e2nico sugere que o rei financie uma expedi\u00e7\u00e3o a Brogod\u00f3, e Augusto, amante das ci\u00eancias e das aventuras, n\u00e3o s\u00f3 concorda com a ideia como faz quest\u00e3o de liderar a empreitada. O rei s\u00f3 n\u00e3o contava que sua esposa, a rainha Cristina, resolveria acompanh\u00e1-lo, levando consigo a pequena Aurora.<\/p>\n","protected":false},"excerpt":{"rendered":"<p>Resumo novela \u201cCordel Encantado\u201d 07\/03 : no cap\u00edtulo 037(*) da novela, resumo de quinta-feira, 07 de mar\u00e7o, Helena fica desolada por causa de In\u00e1cio. A\u00e7ucena foge para procurar Jesu\u00edno. Migu\u00e9zim avisa a A\u00e7ucena para tomar cuidado com o coronel. Tim\u00f3teo explica seu plano para Fausto. Herculano fica inquieto ao ver Pen\u00e9lope com Bator\u00e9 e Pat\u00e1cio. [&hellip;]<\/p>\n","protected":false},"author":4,"featured_media":165215,"comment_status":"open","ping_status":"closed","sticky":false,"template":"","format":"standard","meta":{"tdm_status":"","tdm_grid_status":"","footnotes":""},"categories":[535,379,375,343],"tags":[],"class_list":{"0":"post-171375","1":"post","2":"type-post","3":"status-publish","4":"format-standard","5":"has-post-thumbnail","7":"category-cordel-encantado","8":"category-novelas","9":"category-rede-globo","10":"category-televisao"},"_links":{"self":[{"href":"https:\/\/migracao.redenoticia.com.br\/noticia\/wp-json\/wp\/v2\/posts\/171375","targetHints":{"allow":["GET"]}}],"collection":[{"href":"https:\/\/migracao.redenoticia.com.br\/noticia\/wp-json\/wp\/v2\/posts"}],"about":[{"href":"https:\/\/migracao.redenoticia.com.br\/noticia\/wp-json\/wp\/v2\/types\/post"}],"author":[{"embeddable":true,"href":"https:\/\/migracao.redenoticia.com.br\/noticia\/wp-json\/wp\/v2\/users\/4"}],"replies":[{"embeddable":true,"href":"https:\/\/migracao.redenoticia.com.br\/noticia\/wp-json\/wp\/v2\/comments?post=171375"}],"version-history":[{"count":0,"href":"https:\/\/migracao.redenoticia.com.br\/noticia\/wp-json\/wp\/v2\/posts\/171375\/revisions"}],"wp:featuredmedia":[{"embeddable":true,"href":"https:\/\/migracao.redenoticia.com.br\/noticia\/wp-json\/wp\/v2\/media\/165215"}],"wp:attachment":[{"href":"https:\/\/migracao.redenoticia.com.br\/noticia\/wp-json\/wp\/v2\/media?parent=171375"}],"wp:term":[{"taxonomy":"category","embeddable":true,"href":"https:\/\/migracao.redenoticia.com.br\/noticia\/wp-json\/wp\/v2\/categories?post=171375"},{"taxonomy":"post_tag","embeddable":true,"href":"https:\/\/migracao.redenoticia.com.br\/noticia\/wp-json\/wp\/v2\/tags?post=171375"}],"curies":[{"name":"wp","href":"https:\/\/api.w.org\/{rel}","templated":true}]}}