{"id":17149,"date":"2009-11-13T02:04:55","date_gmt":"2009-11-13T06:04:55","guid":{"rendered":"http:\/\/www.redenoticia.com.br\/noticia\/?p=17149"},"modified":"2009-11-12T15:07:04","modified_gmt":"2009-11-12T19:07:04","slug":"amazonas-e-o-segundo-melhor-lugar-do-brasil-para-abrir-um-negocio","status":"publish","type":"post","link":"https:\/\/migracao.redenoticia.com.br\/noticia\/2009\/amazonas-e-o-segundo-melhor-lugar-do-brasil-para-abrir-um-negocio\/17149","title":{"rendered":"Amazonas \u00e9 o segundo melhor lugar do Brasil para abrir um neg\u00f3cio"},"content":{"rendered":"<p>Pesquisa promovida pela Federa\u00e7\u00e3o da Ind\u00fastria de S\u00e3o Paulo (Fiesp) e publicada na edi\u00e7\u00e3o do domingo, 8 de novembro, no jornal o Estado de S\u00e3o Paulo, revela que o Amazonas \u00e9 considerado hoje o segundo melhor lugar no Brasil para a instala\u00e7\u00e3o de um novo empreendimento.<\/p>\n<p>De acordo com o trabalho publicado no jornal paulista, o Amazonas s\u00f3 fica atr\u00e1s de Bras\u00edlia no ranking geral de melhor ambiente para neg\u00f3cios e desponta na frente de grandes estados como Minas Gerais (3\u00ba lugar), Rio Grande do Sul (6\u00ba), Rio de Janeiro (8\u00ba), Santa Catarina (9\u00ba) e S\u00e3o Paulo (11\u00ba).<\/p>\n<p>Para o governador do Estado, Eduardo Braga, a pesquisa revela que as pol\u00edticas colocadas em pr\u00e1tica nos \u00faltimos anos para tornar o Amazonas mais competitivo est\u00e3o gerando os resultados esperados e evidenciam o comprometimento da administra\u00e7\u00e3o estadual com a moderniza\u00e7\u00e3o.<\/p>\n<p>&#8220;O resultado da pesquisa da Fiesp evidencia o quanto n\u00f3s estamos evoluindo na gest\u00e3o, no planejamento estrat\u00e9gico, com a consolida\u00e7\u00e3o de projetos. Mesmo no meio de uma grande crise econ\u00f4mica, n\u00f3s conseguimos ter um crescimento negativo sobre o emprego informal e recuperamos os n\u00edveis de emprego formal no Estado&#8221;, disse o governador.<\/p>\n","protected":false},"excerpt":{"rendered":"<p>Pesquisa promovida pela Federa\u00e7\u00e3o da Ind\u00fastria de S\u00e3o Paulo (Fiesp) e publicada na edi\u00e7\u00e3o do domingo, 8 de novembro, no jornal o Estado de S\u00e3o Paulo, revela que o Amazonas \u00e9 considerado hoje o segundo melhor lugar no Brasil para a instala\u00e7\u00e3o de um novo empreendimento. De acordo com o trabalho publicado no jornal paulista, [&hellip;]<\/p>\n","protected":false},"author":3,"featured_media":0,"comment_status":"open","ping_status":"open","sticky":false,"template":"","format":"standard","meta":{"tdm_status":"","tdm_grid_status":"","footnotes":""},"categories":[22,7],"tags":[],"class_list":{"0":"post-17149","1":"post","2":"type-post","3":"status-publish","4":"format-standard","6":"category-brasil","7":"category-economia"},"_links":{"self":[{"href":"https:\/\/migracao.redenoticia.com.br\/noticia\/wp-json\/wp\/v2\/posts\/17149","targetHints":{"allow":["GET"]}}],"collection":[{"href":"https:\/\/migracao.redenoticia.com.br\/noticia\/wp-json\/wp\/v2\/posts"}],"about":[{"href":"https:\/\/migracao.redenoticia.com.br\/noticia\/wp-json\/wp\/v2\/types\/post"}],"author":[{"embeddable":true,"href":"https:\/\/migracao.redenoticia.com.br\/noticia\/wp-json\/wp\/v2\/users\/3"}],"replies":[{"embeddable":true,"href":"https:\/\/migracao.redenoticia.com.br\/noticia\/wp-json\/wp\/v2\/comments?post=17149"}],"version-history":[{"count":0,"href":"https:\/\/migracao.redenoticia.com.br\/noticia\/wp-json\/wp\/v2\/posts\/17149\/revisions"}],"wp:attachment":[{"href":"https:\/\/migracao.redenoticia.com.br\/noticia\/wp-json\/wp\/v2\/media?parent=17149"}],"wp:term":[{"taxonomy":"category","embeddable":true,"href":"https:\/\/migracao.redenoticia.com.br\/noticia\/wp-json\/wp\/v2\/categories?post=17149"},{"taxonomy":"post_tag","embeddable":true,"href":"https:\/\/migracao.redenoticia.com.br\/noticia\/wp-json\/wp\/v2\/tags?post=17149"}],"curies":[{"name":"wp","href":"https:\/\/api.w.org\/{rel}","templated":true}]}}