{"id":171639,"date":"2019-03-09T14:37:54","date_gmt":"2019-03-09T17:37:54","guid":{"rendered":"https:\/\/www.redenoticia.com.br\/noticia\/?p=171639"},"modified":"2019-03-09T14:37:56","modified_gmt":"2019-03-09T17:37:56","slug":"resumo-novela-o-setimo-guardiao-11-03-o-retorno-de-laura","status":"publish","type":"post","link":"https:\/\/migracao.redenoticia.com.br\/noticia\/2019\/resumo-novela-o-setimo-guardiao-11-03-o-retorno-de-laura\/171639","title":{"rendered":"Resumo novela \u201cO S\u00e9timo Guardi\u00e3o\u201d 11\/03: o retorno de Laura"},"content":{"rendered":"<p><strong><em><img loading=\"lazy\" decoding=\"async\" class=\"aligncenter size-large wp-image-159064\" src=\"https:\/\/migracao.redenoticia.com.br\/noticia\/imagens\/o-setimo-guardiao-121-334x300.jpg\" alt=\"\" width=\"334\" height=\"300\" srcset=\"https:\/\/migracao.redenoticia.com.br\/noticia\/imagens\/o-setimo-guardiao-121-334x300.jpg 334w, https:\/\/migracao.redenoticia.com.br\/noticia\/imagens\/o-setimo-guardiao-121-208x187.jpg 208w, https:\/\/migracao.redenoticia.com.br\/noticia\/imagens\/o-setimo-guardiao-121-150x135.jpg 150w, https:\/\/migracao.redenoticia.com.br\/noticia\/imagens\/o-setimo-guardiao-121.jpg 548w\" sizes=\"auto, (max-width: 334px) 100vw, 334px\" \/>Resumo novela \u201cO S\u00e9timo Guardi\u00e3o\u201d 11\/03 <\/em><\/strong>: no cap\u00edtulo 103(*) da novela, resumo segunda-feira, 11 de mar\u00e7o, Gabriel n\u00e3o acredita no pedido de reconcilia\u00e7\u00e3o de Valentina. Luz promete guiar S\u00f3stenes at\u00e9 o local que leva \u00e0 fonte. Nicolau pede a Afrodite para voltar para casa. Marcos Paulo v\u00ea Valentina chegar ao cabar\u00e9 e manda Mattoso se afastar.<\/p>\n<p>Sampaio se recusa a contar a Olavo o que aconteceu com Laura. Ondina n\u00e3o deixa Valentina se embriagar e pede que Marcos Paulo a leve para casa. Luz sonha com Le\u00f3n. Valentina volta para casa e se surpreende com a chegada de Laura.<\/p>\n<p>(*) edi\u00e7\u00e3o da Rede Globo, Novela \u201cO S\u00e9timo Guardi\u00e3o\u201d, sujeito a altera\u00e7\u00e3o de data e conte\u00fado.<\/p>\n<p>Sinopse \u201cO S\u00e9timo Guardi\u00e3o\u201d: \u00c0 primeira vista, Serro Azul pode parecer apenas mais uma t\u00edpica cidade do interior, pacata e cercada por montanhas, onde avan\u00e7os tecnol\u00f3gicos como internet e telefonia celular ainda n\u00e3o chegaram. Um lugar pelo qual quem passa n\u00e3o d\u00e1 muita aten\u00e7\u00e3o, sem saber o que est\u00e1 perdendo, afinal, uma cidade que \u00e9 vizinha de Greenville e Tubiancanga n\u00e3o poderia deixar de ter suas peculiaridades. A principal delas \u00e9 uma fonte com propriedades curativas e rejuvenescedoras, que \u00e9 a parte mais externa de um gigantesco aqu\u00edfero, uma enorme reserva daquilo que a cada dia se torna o bem mais precioso da Terra: a \u00e1gua. Essa fonte \u00e9 protegida por sete guardi\u00e3es que t\u00eam como miss\u00e3o garantir que essa riqueza n\u00e3o chegue \u00e0s m\u00e3os erradas.<\/p>\n","protected":false},"excerpt":{"rendered":"<p>Resumo novela \u201cO S\u00e9timo Guardi\u00e3o\u201d 11\/03 : no cap\u00edtulo 103(*) da novela, resumo segunda-feira, 11 de mar\u00e7o, Gabriel n\u00e3o acredita no pedido de reconcilia\u00e7\u00e3o de Valentina. Luz promete guiar S\u00f3stenes at\u00e9 o local que leva \u00e0 fonte. Nicolau pede a Afrodite para voltar para casa. Marcos Paulo v\u00ea Valentina chegar ao cabar\u00e9 e manda Mattoso [&hellip;]<\/p>\n","protected":false},"author":2,"featured_media":154961,"comment_status":"open","ping_status":"closed","sticky":false,"template":"","format":"standard","meta":{"tdm_status":"","tdm_grid_status":"","footnotes":""},"categories":[379,530,375,343],"tags":[441],"class_list":{"0":"post-171639","1":"post","2":"type-post","3":"status-publish","4":"format-standard","5":"has-post-thumbnail","7":"category-novelas","8":"category-o-setimo-guardiao","9":"category-rede-globo","10":"category-televisao","11":"tag-resumo-do-dia"},"_links":{"self":[{"href":"https:\/\/migracao.redenoticia.com.br\/noticia\/wp-json\/wp\/v2\/posts\/171639","targetHints":{"allow":["GET"]}}],"collection":[{"href":"https:\/\/migracao.redenoticia.com.br\/noticia\/wp-json\/wp\/v2\/posts"}],"about":[{"href":"https:\/\/migracao.redenoticia.com.br\/noticia\/wp-json\/wp\/v2\/types\/post"}],"author":[{"embeddable":true,"href":"https:\/\/migracao.redenoticia.com.br\/noticia\/wp-json\/wp\/v2\/users\/2"}],"replies":[{"embeddable":true,"href":"https:\/\/migracao.redenoticia.com.br\/noticia\/wp-json\/wp\/v2\/comments?post=171639"}],"version-history":[{"count":0,"href":"https:\/\/migracao.redenoticia.com.br\/noticia\/wp-json\/wp\/v2\/posts\/171639\/revisions"}],"wp:featuredmedia":[{"embeddable":true,"href":"https:\/\/migracao.redenoticia.com.br\/noticia\/wp-json\/wp\/v2\/media\/154961"}],"wp:attachment":[{"href":"https:\/\/migracao.redenoticia.com.br\/noticia\/wp-json\/wp\/v2\/media?parent=171639"}],"wp:term":[{"taxonomy":"category","embeddable":true,"href":"https:\/\/migracao.redenoticia.com.br\/noticia\/wp-json\/wp\/v2\/categories?post=171639"},{"taxonomy":"post_tag","embeddable":true,"href":"https:\/\/migracao.redenoticia.com.br\/noticia\/wp-json\/wp\/v2\/tags?post=171639"}],"curies":[{"name":"wp","href":"https:\/\/api.w.org\/{rel}","templated":true}]}}