{"id":171680,"date":"2019-03-16T11:00:35","date_gmt":"2019-03-16T14:00:35","guid":{"rendered":"https:\/\/www.redenoticia.com.br\/noticia\/?p=171680"},"modified":"2019-03-16T11:05:54","modified_gmt":"2019-03-16T14:05:54","slug":"novela-bela-a-feia-resumo-18-03-rodrigo-diz-que-encontrou-vera","status":"publish","type":"post","link":"https:\/\/migracao.redenoticia.com.br\/noticia\/2019\/novela-bela-a-feia-resumo-18-03-rodrigo-diz-que-encontrou-vera\/171680","title":{"rendered":"Novela \u201cBela, a Feia\u201d resumo 18\/03: Rodrigo diz que encontrou Vera"},"content":{"rendered":"<p><em><strong><img loading=\"lazy\" decoding=\"async\" class=\"aligncenter size-large wp-image-162019\" src=\"https:\/\/migracao.redenoticia.com.br\/noticia\/imagens\/bela2-304x300.jpg\" alt=\"\" width=\"304\" height=\"300\" srcset=\"https:\/\/migracao.redenoticia.com.br\/noticia\/imagens\/bela2-304x300.jpg 304w, https:\/\/migracao.redenoticia.com.br\/noticia\/imagens\/bela2-190x187.jpg 190w, https:\/\/migracao.redenoticia.com.br\/noticia\/imagens\/bela2.jpg 500w\" sizes=\"auto, (max-width: 304px) 100vw, 304px\" \/>Novela \u201cBela, a Feia\u201d resumo 18\/03<\/strong><\/em>: no capitulo 088 (*) da novela, segunda-feira, 18 de mar\u00e7o, Rodrigo diz que se encontrou com Vera e Ricardo se desespera. Rodrigo pressiona o pai para saber porque ele o separou de sua m\u00e3e. Os dois se desentendem e Ricardo chama Rodrigo de bastardo. Ariosto vai at\u00e9 a casa de Ricardo para cobrar explica\u00e7\u00f5es. Vanda consola C\u00edntia e diz que elas nunca ir\u00e3o se separar. Durante a discuss\u00e3o, Rodrigo diz que n\u00e3o se considera mais filho de Ricardo, que fica atordoado. Rodrigo vai embora. Ricardo, furioso, pega uma arma na gaveta e diz que precisa ter uma conversa s\u00e9ria com Vera. Luzia se veste como Bela e surpreende Nelson. Ver\u00f4nica e Dinho transam no motel. Os dois ironizam Ricardo, j\u00e1 que ela n\u00e3o quis transar com ele durante a viagem. Dinho, no entanto, diz que Ver\u00f4nica n\u00e3o pode evitar Ricardo por muito tempo, pois ele poder\u00e1 desistir do casamento. Ela diz que n\u00e3o sabe se poder\u00e1 se casar com Ricardo, j\u00e1 que Vera deve estar viva.<\/p>\n<p>Ricardo esconde a arma, quando Ariosto chega cobrando satisfa\u00e7\u00f5es. Ricardo diz que n\u00e3o sabia que C\u00edntia era sua filha e que ficou muito surpreso. Nelson e Luzia ensaiam como ele chamaria Bela para dan\u00e7ar. Vera conta para Bela que est\u00e1 muito feliz porque Rodrigo est\u00e1 do seu lado. Vera conta que Vanda a viu pela manh\u00e3 e diz que se Ricardo souber que ela foi ao Rio a situa\u00e7\u00e3o pode se complicar. Bela incentiva Vera a enfrentar Ricardo e avisa que ser\u00e1 uma dif\u00edcil batalha. Vera agradece a ajuda de Bela. Vanda pressiona Rodrigo para saber o paradeiro de Vera, mas ele se recusa a dizer. Rodrigo diz ainda que quer justi\u00e7a e que Vera vai voltar a viver como uma pessoa normal. Clemente conta para Max e Jacinto que vai mandar flores com um belo poema de Shakespeare para B\u00e1rbara. Quando Luzia e Nelson est\u00e3o quase se beijando, Regina e Nat\u00e1lia chegam. Regina n\u00e3o entende nada. Nat\u00e1lia inventa que Luzia estava provando uma fantasia para uma festa. Nelson vai embora e Luzia fica constrangida.<\/p>\n<p>Vanda n\u00e3o consegue entender porque Rodrigo est\u00e1 t\u00e3o inflex\u00edvel. Ele pede que Vanda esque\u00e7a o assunto pelo menos por enguanto, mas ela teima em saber onde Vera est\u00e1 escondida. Rodrigo diz ainda que quer voltar a ter uma vida normal com C\u00edntia e Vanda o apoia. Bela conta para Vera que gosta de Rodrigo. Vera fica surpresa e pede que Bela n\u00e3o se machuque, j\u00e1 que a situa\u00e7\u00e3o entre C\u00edntia Rodrigo \u00e9 muito complicada. Vanda se encontra com Diego para saber se ele j\u00e1 come\u00e7ou a trabalhar como seguran\u00e7a de Ricardo. Ele diz que ainda vai fazer a entrevista. Vanda avisa que precisa descobrir o paradeiro de Vera o mais r\u00e1pido poss\u00edvel. Diego revela que ficou com ci\u00fames de Vanda ao v\u00ea-la com Guto. Os dois se entendem e Diego pede desculpas por ter batido em Guto. Rodrigo conta para Bela que enfrentou Ricardo. Ele diz que est\u00e1 preocupado com a m\u00e3e, j\u00e1 que Ricardo vai querer se vingar. Rodrigo conta que tem medo at\u00e9 de que Ricardo mate Vera.<\/p>\n<p>(*) edi\u00e7\u00e3o da Rede Record, Novela \u201cBela, a Feia\u201d, sujeito a altera\u00e7\u00e3o de data e conte\u00fado.<\/p>\n<p>\u201cBela, a Feia\u201d &#8211; Anabela \u00e9 uma jovem competente e esfor\u00e7ada, mas sua apar\u00eancia mal-ajambrada dificulta sua vida profissional. Ela sabe que \u00e9 feia e est\u00e1, de certa forma, conformada com isso. Bela sempre foi assim desde menina, sem quaisquer atributos f\u00edsicos, mas tamb\u00e9m nunca teve maiores vaidades. Ela n\u00e3o liga para nada que possa torn\u00e1-la mais atraente.<\/p>\n","protected":false},"excerpt":{"rendered":"<p>Novela \u201cBela, a Feia\u201d resumo 18\/03: no capitulo 088 (*) da novela, segunda-feira, 18 de mar\u00e7o, Rodrigo diz que se encontrou com Vera e Ricardo se desespera. Rodrigo pressiona o pai para saber porque ele o separou de sua m\u00e3e. Os dois se desentendem e Ricardo chama Rodrigo de bastardo. Ariosto vai at\u00e9 a casa [&hellip;]<\/p>\n","protected":false},"author":2,"featured_media":158370,"comment_status":"open","ping_status":"closed","sticky":false,"template":"","format":"standard","meta":{"tdm_status":"","tdm_grid_status":"","footnotes":""},"categories":[379,371,343],"tags":[441],"class_list":{"0":"post-171680","1":"post","2":"type-post","3":"status-publish","4":"format-standard","5":"has-post-thumbnail","7":"category-novelas","8":"category-rede-record","9":"category-televisao","10":"tag-resumo-do-dia"},"_links":{"self":[{"href":"https:\/\/migracao.redenoticia.com.br\/noticia\/wp-json\/wp\/v2\/posts\/171680","targetHints":{"allow":["GET"]}}],"collection":[{"href":"https:\/\/migracao.redenoticia.com.br\/noticia\/wp-json\/wp\/v2\/posts"}],"about":[{"href":"https:\/\/migracao.redenoticia.com.br\/noticia\/wp-json\/wp\/v2\/types\/post"}],"author":[{"embeddable":true,"href":"https:\/\/migracao.redenoticia.com.br\/noticia\/wp-json\/wp\/v2\/users\/2"}],"replies":[{"embeddable":true,"href":"https:\/\/migracao.redenoticia.com.br\/noticia\/wp-json\/wp\/v2\/comments?post=171680"}],"version-history":[{"count":0,"href":"https:\/\/migracao.redenoticia.com.br\/noticia\/wp-json\/wp\/v2\/posts\/171680\/revisions"}],"wp:featuredmedia":[{"embeddable":true,"href":"https:\/\/migracao.redenoticia.com.br\/noticia\/wp-json\/wp\/v2\/media\/158370"}],"wp:attachment":[{"href":"https:\/\/migracao.redenoticia.com.br\/noticia\/wp-json\/wp\/v2\/media?parent=171680"}],"wp:term":[{"taxonomy":"category","embeddable":true,"href":"https:\/\/migracao.redenoticia.com.br\/noticia\/wp-json\/wp\/v2\/categories?post=171680"},{"taxonomy":"post_tag","embeddable":true,"href":"https:\/\/migracao.redenoticia.com.br\/noticia\/wp-json\/wp\/v2\/tags?post=171680"}],"curies":[{"name":"wp","href":"https:\/\/api.w.org\/{rel}","templated":true}]}}