{"id":171747,"date":"2019-03-20T13:56:48","date_gmt":"2019-03-20T16:56:48","guid":{"rendered":"https:\/\/www.redenoticia.com.br\/noticia\/?p=171747"},"modified":"2019-03-20T14:28:40","modified_gmt":"2019-03-20T17:28:40","slug":"novela-cordel-encantado-antonia-se-casa-com-batore","status":"publish","type":"post","link":"https:\/\/migracao.redenoticia.com.br\/noticia\/2019\/novela-cordel-encantado-antonia-se-casa-com-batore\/171747","title":{"rendered":"Novela &#8220;Cordel Encantado&#8221;: C\u00edcero e In\u00e1cio sofrem no casamento de Ant\u00f4nia e Bator\u00e9"},"content":{"rendered":"<p><strong><em><img loading=\"lazy\" decoding=\"async\" class=\"aligncenter size-large wp-image-165216\" src=\"https:\/\/migracao.redenoticia.com.br\/noticia\/imagens\/cordel-002-400x300.jpg\" alt=\"\" width=\"400\" height=\"300\" srcset=\"https:\/\/migracao.redenoticia.com.br\/noticia\/imagens\/cordel-002-400x300.jpg 400w, https:\/\/migracao.redenoticia.com.br\/noticia\/imagens\/cordel-002-250x187.jpg 250w, https:\/\/migracao.redenoticia.com.br\/noticia\/imagens\/cordel-002-150x113.jpg 150w, https:\/\/migracao.redenoticia.com.br\/noticia\/imagens\/cordel-002-265x198.jpg 265w, https:\/\/migracao.redenoticia.com.br\/noticia\/imagens\/cordel-002-560x420.jpg 560w, https:\/\/migracao.redenoticia.com.br\/noticia\/imagens\/cordel-002.jpg 620w\" sizes=\"auto, (max-width: 400px) 100vw, 400px\" \/>Novela &#8220;Cordel Encantado&#8221;:<\/em><\/strong> Finalmente chegou o dia mais esperado da vida de Bator\u00e9 (Osmar Prado): seu casamento com Ant\u00f4nia (Luiza Valdetaro). Do altar, o delegado v\u00ea sua amada entrar na igreja. \u201cParece at\u00e9 um anjo do para\u00edso!\u201d, comenta o noivo extasiado. Triste, C\u00edcero (Miguel R\u00f4mulo) assiste ao cas\u00f3rio escondido em um canto. De outro lado, est\u00e1 In\u00e1cio (Maur\u00edcio Destri) que tamb\u00e9m v\u00ea a cerim\u00f4nia sem que ningu\u00e9m perceba sua presen\u00e7a.<\/p>\n<p>Quando os noivos j\u00e1 est\u00e3o a postos no altar, Tim\u00f3teo (Bruno Gagliasso) interrompe tudo e entra na igreja de bra\u00e7o dado com A\u00e7ucena (Bianca Bin). Todo se agitam com a presen\u00e7a do coronel.<\/p>\n<p>Ao ver Tim\u00f3teo, C\u00edcero faz men\u00e7\u00e3o de tirar sua arma, mas In\u00e1cio o impede a tempo do rapaz fazer uma besteira. \u201cN\u00e3o C\u00edcero! Voc\u00ea pode causar uma trag\u00e9dia!\u201d, diz.<\/p>\n<p>Padre Joaquim (Gen\u00e9zio de Barros) conduz o matrim\u00f4nio de Ant\u00f4nia e Bator\u00e9. De repente, todos ouvem barulhos de tiros. Dem\u00f3stenes entra gritando: \u201cAve Maria, minha gente! Os cangaceiros mais o Bando da Alvorada invadiram a delegacia e libertaram o Rei!\u201d A\u00e7ucena se ilumina de esperan\u00e7a de se livrar de Tim\u00f3teo, que fica furioso!<\/p>\n<p>Destaques<\/p>\n<p>Sinopse &#8220;Cordel Encantado&#8221;: Augusto e sua rainha vivem uma vida harmoniosa e feliz, sem imaginar que est\u00e3o cercados por dois vil\u00f5es: \u00darsula (D\u00e9bora Bloch), cunhada do rei, e Nicolau (Luiz Fernando Guimar\u00e3es), o atrapalhado mordomo da corte. A bela, elegante e sofisticada duquesa \u00e9 a pessoa mais perigosa e falsa de todo o reino. Ajudada por Nicolau, seu amante, \u00darsula deseja se tornar rainha. E a viagem a Brogod\u00f3 \u00e9 a chance que a duquesa sempre quis para se livrar de Cristina e da princesa.<\/p>\n<p>A sede de poder da dupla de vil\u00f5es \u00e9 crescente: no Brasil, para onde se muda com a corte europeia, o casal continua a planejar e executar planos para conseguir o que quer. No decorrer da novela, revela-se que Lady Cec\u00edlia (Sofia Terra), que \u00darsula criava como sobrinha, \u00e9 filha da vil\u00e3 com o general Baldini (Em\u00edlio de Mello), militar do ex\u00e9rcito de Ser\u00e1fia do Norte.<\/p>\n<p>Fonte Rede Globo &#8220;Cordel Encantado\u201d<\/p>\n","protected":false},"excerpt":{"rendered":"<p>Novela &#8220;Cordel Encantado&#8221;: Finalmente chegou o dia mais esperado da vida de Bator\u00e9 (Osmar Prado): seu casamento com Ant\u00f4nia (Luiza Valdetaro). Do altar, o delegado v\u00ea sua amada entrar na igreja. \u201cParece at\u00e9 um anjo do para\u00edso!\u201d, comenta o noivo extasiado. Triste, C\u00edcero (Miguel R\u00f4mulo) assiste ao cas\u00f3rio escondido em um canto. De outro lado, [&hellip;]<\/p>\n","protected":false},"author":2,"featured_media":165215,"comment_status":"open","ping_status":"closed","sticky":false,"template":"","format":"standard","meta":{"tdm_status":"","tdm_grid_status":"","footnotes":""},"categories":[535,388,379,375,343],"tags":[440],"class_list":{"0":"post-171747","1":"post","2":"type-post","3":"status-publish","4":"format-standard","5":"has-post-thumbnail","7":"category-cordel-encantado","8":"category-destaques","9":"category-novelas","10":"category-rede-globo","11":"category-televisao","12":"tag-noticia-novela"},"_links":{"self":[{"href":"https:\/\/migracao.redenoticia.com.br\/noticia\/wp-json\/wp\/v2\/posts\/171747","targetHints":{"allow":["GET"]}}],"collection":[{"href":"https:\/\/migracao.redenoticia.com.br\/noticia\/wp-json\/wp\/v2\/posts"}],"about":[{"href":"https:\/\/migracao.redenoticia.com.br\/noticia\/wp-json\/wp\/v2\/types\/post"}],"author":[{"embeddable":true,"href":"https:\/\/migracao.redenoticia.com.br\/noticia\/wp-json\/wp\/v2\/users\/2"}],"replies":[{"embeddable":true,"href":"https:\/\/migracao.redenoticia.com.br\/noticia\/wp-json\/wp\/v2\/comments?post=171747"}],"version-history":[{"count":0,"href":"https:\/\/migracao.redenoticia.com.br\/noticia\/wp-json\/wp\/v2\/posts\/171747\/revisions"}],"wp:featuredmedia":[{"embeddable":true,"href":"https:\/\/migracao.redenoticia.com.br\/noticia\/wp-json\/wp\/v2\/media\/165215"}],"wp:attachment":[{"href":"https:\/\/migracao.redenoticia.com.br\/noticia\/wp-json\/wp\/v2\/media?parent=171747"}],"wp:term":[{"taxonomy":"category","embeddable":true,"href":"https:\/\/migracao.redenoticia.com.br\/noticia\/wp-json\/wp\/v2\/categories?post=171747"},{"taxonomy":"post_tag","embeddable":true,"href":"https:\/\/migracao.redenoticia.com.br\/noticia\/wp-json\/wp\/v2\/tags?post=171747"}],"curies":[{"name":"wp","href":"https:\/\/api.w.org\/{rel}","templated":true}]}}