{"id":171782,"date":"2019-03-11T17:10:39","date_gmt":"2019-03-11T20:10:39","guid":{"rendered":"https:\/\/www.redenoticia.com.br\/noticia\/?p=171782"},"modified":"2019-03-11T18:59:53","modified_gmt":"2019-03-11T21:59:53","slug":"resumo-novela-as-aventuras-de-poliana-12-03-poliana-descobre-que-joao-esta-a-morar-no-clubinho","status":"publish","type":"post","link":"https:\/\/migracao.redenoticia.com.br\/noticia\/2019\/resumo-novela-as-aventuras-de-poliana-12-03-poliana-descobre-que-joao-esta-a-morar-no-clubinho\/171782","title":{"rendered":"Resumo novela \u201cAs Aventuras de Poliana\u201d 12\/03: Poliana descobre que Jo\u00e3o mora no clubinho"},"content":{"rendered":"<p><strong><em><img loading=\"lazy\" decoding=\"async\" class=\"aligncenter size-large wp-image-148662\" src=\"https:\/\/migracao.redenoticia.com.br\/noticia\/imagens\/as-aventuras-de-poliana-novela-400x267.jpg\" alt=\"\" width=\"400\" height=\"267\" srcset=\"https:\/\/migracao.redenoticia.com.br\/noticia\/imagens\/as-aventuras-de-poliana-novela-400x267.jpg 400w, https:\/\/migracao.redenoticia.com.br\/noticia\/imagens\/as-aventuras-de-poliana-novela-250x167.jpg 250w, https:\/\/migracao.redenoticia.com.br\/noticia\/imagens\/as-aventuras-de-poliana-novela-150x100.jpg 150w, https:\/\/migracao.redenoticia.com.br\/noticia\/imagens\/as-aventuras-de-poliana-novela.jpg 600w\" sizes=\"auto, (max-width: 400px) 100vw, 400px\" \/>Resumo novela \u201cAs Aventuras de Poliana\u201d 12\/03 <\/em><\/strong>: no cap\u00edtulo 215(*) da novela, resumo de ter\u00e7a-feira, 12 de mar\u00e7o, Poliana e Nanci v\u00e3o at\u00e9 \u00e0 casa de Branca para ver como ela est\u00e1. Roger conta a Luigi o que houve no emprego. Nanci mima Branca por conta do acidente. Roger vai \u00e0 casa de Marcelo buscar Guilherme e o encontra com Raquel, obrigando o filho a voltar para casa. Em casa, Roger e Guilherme brigam. Ele ainda pro\u00edbe o namoro do filho. Os dois brigam feio e Ver\u00f4nica se desespera. Poliana vai \u00e0 casa de Luigi e Yasmin encontra os dois para que eles fa\u00e7am a maquete da aula de ci\u00eancias. Mirela descobre sobre o acidente de Branca e sai correndo da casa de Luca. Luigi conta para Poliana que Jo\u00e3o est\u00e1 morando no clubinho (s\u00f3t\u00e3o).<\/p>\n<p>Jo\u00e3o, junto com o clubinho MaGaBeLo, joga o jogo de tabuleiro misterioso. Poliana vai ao clubinho encontrar o amigo. Salvador leva D\u00e9bora para ver uma apresenta\u00e7\u00e3o de Sophie no grupo Abandonadas do Altar. Sara espia o clubinho para Pendleton. Marcelo v\u00ea Lu\u00edsa trabalhando na padaria. Sara, invis\u00edvel, levanta o tabuleiro do jogo e as crian\u00e7as gritam, em p\u00e2nico. Lu\u00edsa fica nervosa e pede a Durval que ele atenda os clientes que est\u00e3o do lado de fora da padaria. Pendleton descobre que o jogo de tabuleiro era dele, um presente de seu pai, e n\u00e3o quer que as crian\u00e7as joguem. Sophie pede sigilo a D\u00e9bora e fica furiosa com Salvador.<\/p>\n<p>(*) edi\u00e7\u00e3o do SBT, Novela \u201cAs Aventuras de Poliana\u201d, sujeito a altera\u00e7\u00e3o de data e conte\u00fado.<\/p>\n<p>Poliana \u00e9 uma menina extrovertida e de bom cora\u00e7\u00e3o que viajava o Brasil com seus pais, Lorenzo e Alice, no grupo circense Trupe Vagalume. Aos onze anos a garota v\u00ea seu mundo desabar quando seus pais falecem e ela tem que ir morar em S\u00e3o Paulo com sua tia Lu\u00edsa, uma mulher rica e severa, a qual ela n\u00e3o conhecia e que n\u00e3o queria cuidar dela, embora sinta que \u00e9 sua obriga\u00e7\u00e3o pela alma de sua irm\u00e3. Apesar do jeito da rigidez da tia, Poliana decide ter uma vis\u00e3o positiva e inabal\u00e1vel da vida, mesmo nos momentos de dificuldade, tentando levar um pouco de felicidade para a vida de cada um dos seus novos amigos e vizinhos, como o Sr. Pendleton, um homem rico e infeliz por nunca ter tido filhos. Ela vai estudar no col\u00e9gio de Ruth, uma diretora de bom cora\u00e7\u00e3o que a ajuda a se adaptar, mas tem que lidar com as vilanias de Mirela, garota mais velha que n\u00e3o aceita perder a popularidade para uma novata.<\/p>\n","protected":false},"excerpt":{"rendered":"<p>Resumo novela \u201cAs Aventuras de Poliana\u201d 12\/03 : no cap\u00edtulo 215(*) da novela, resumo de ter\u00e7a-feira, 12 de mar\u00e7o, Poliana e Nanci v\u00e3o at\u00e9 \u00e0 casa de Branca para ver como ela est\u00e1. Roger conta a Luigi o que houve no emprego. Nanci mima Branca por conta do acidente. Roger vai \u00e0 casa de Marcelo [&hellip;]<\/p>\n","protected":false},"author":4,"featured_media":148663,"comment_status":"open","ping_status":"closed","sticky":false,"template":"","format":"standard","meta":{"tdm_status":"","tdm_grid_status":"","footnotes":""},"categories":[477,379,372,343],"tags":[441],"class_list":{"0":"post-171782","1":"post","2":"type-post","3":"status-publish","4":"format-standard","5":"has-post-thumbnail","7":"category-as-aventuras-de-poliana","8":"category-novelas","9":"category-sbt","10":"category-televisao","11":"tag-resumo-do-dia"},"_links":{"self":[{"href":"https:\/\/migracao.redenoticia.com.br\/noticia\/wp-json\/wp\/v2\/posts\/171782","targetHints":{"allow":["GET"]}}],"collection":[{"href":"https:\/\/migracao.redenoticia.com.br\/noticia\/wp-json\/wp\/v2\/posts"}],"about":[{"href":"https:\/\/migracao.redenoticia.com.br\/noticia\/wp-json\/wp\/v2\/types\/post"}],"author":[{"embeddable":true,"href":"https:\/\/migracao.redenoticia.com.br\/noticia\/wp-json\/wp\/v2\/users\/4"}],"replies":[{"embeddable":true,"href":"https:\/\/migracao.redenoticia.com.br\/noticia\/wp-json\/wp\/v2\/comments?post=171782"}],"version-history":[{"count":0,"href":"https:\/\/migracao.redenoticia.com.br\/noticia\/wp-json\/wp\/v2\/posts\/171782\/revisions"}],"wp:featuredmedia":[{"embeddable":true,"href":"https:\/\/migracao.redenoticia.com.br\/noticia\/wp-json\/wp\/v2\/media\/148663"}],"wp:attachment":[{"href":"https:\/\/migracao.redenoticia.com.br\/noticia\/wp-json\/wp\/v2\/media?parent=171782"}],"wp:term":[{"taxonomy":"category","embeddable":true,"href":"https:\/\/migracao.redenoticia.com.br\/noticia\/wp-json\/wp\/v2\/categories?post=171782"},{"taxonomy":"post_tag","embeddable":true,"href":"https:\/\/migracao.redenoticia.com.br\/noticia\/wp-json\/wp\/v2\/tags?post=171782"}],"curies":[{"name":"wp","href":"https:\/\/api.w.org\/{rel}","templated":true}]}}