{"id":171847,"date":"2019-03-12T17:03:10","date_gmt":"2019-03-12T20:03:10","guid":{"rendered":"https:\/\/www.redenoticia.com.br\/noticia\/?p=171847"},"modified":"2019-03-12T17:03:12","modified_gmt":"2019-03-12T20:03:12","slug":"resumo-novela-cumplices-de-um-resgate-13-03-otavio-descobre-que-manuela-foi-sequestrada","status":"publish","type":"post","link":"https:\/\/migracao.redenoticia.com.br\/noticia\/2019\/resumo-novela-cumplices-de-um-resgate-13-03-otavio-descobre-que-manuela-foi-sequestrada\/171847","title":{"rendered":"Resumo novela \u201cC\u00famplices de um Resgate\u201d 13\/03: Ot\u00e1vio descobre que Manuela foi sequestrada"},"content":{"rendered":"<p><img loading=\"lazy\" decoding=\"async\" class=\"aligncenter size-large wp-image-164526\" src=\"https:\/\/migracao.redenoticia.com.br\/noticia\/imagens\/cumplices-de-um-resgate-001-316x300.jpg\" alt=\"\" width=\"316\" height=\"300\" srcset=\"https:\/\/migracao.redenoticia.com.br\/noticia\/imagens\/cumplices-de-um-resgate-001-316x300.jpg 316w, https:\/\/migracao.redenoticia.com.br\/noticia\/imagens\/cumplices-de-um-resgate-001-197x187.jpg 197w, https:\/\/migracao.redenoticia.com.br\/noticia\/imagens\/cumplices-de-um-resgate-001-150x143.jpg 150w, https:\/\/migracao.redenoticia.com.br\/noticia\/imagens\/cumplices-de-um-resgate-001.jpg 526w\" sizes=\"auto, (max-width: 316px) 100vw, 316px\" \/> Resumo novela \u201cC\u00famplices de um Resgate\u201d 13\/03 : no cap\u00edtulo 048(*) da novela, quarta-feira, 13 de mar\u00e7o, as crian\u00e7as n\u00e3o entendem Meire, que ap\u00f3s acordar do desmaio diz que viu o esp\u00edrito de Flora. Regina discute com Marina e diz que ela n\u00e3o \u00e9 de confian\u00e7a. A megera tranca Marina no quarto dela. Isabela tenta subir no v\u00e3o de respira\u00e7\u00e3o no por\u00e3o onde est\u00e1, mas cai no ch\u00e3o. Regina conta para Geraldo que Marina ligou para Raul do celular que conseguiu pegar de um dos tr\u00eas capangas que est\u00e3o na mans\u00e3o fingindo serem seguran\u00e7as. Geraldo diz que eles devem trancar Marina junto com Isabela no por\u00e3o.<\/p>\n<p>Navarro (Luciano Vianna) vai at\u00e9 o por\u00e3o e encontra Isabela desacordada. No vilarejo, todos desconfiam que Manuela est\u00e1 desaparecida devido a amiga misteriosa da garota, que na verdade era Isabela. A garota acorda no por\u00e3o e Regina manda Navarro levar Marina at\u00e9 o local. Marina \u00e9 presa com Isabela no por\u00e3o e diz que n\u00e3o estava do lado de Regina. Lurdinha beija o rosto de Frederico, para a alegria do estilista. Lurdinha liga para a Sonho e Retalhos para saber sobre o atraso na entrega das encomendas.<\/p>\n<p>Clara pede para Lurdinha explicar para Safira que a filha de Rebeca sumiu e por isso o trabalho ficou acumulado. Os irm\u00e3os Vaz dizem para Alicia que Flora voltou, mas que est\u00e1 cheio de trabalho, o que n\u00e3o \u00e9 verdade. Frederico (Thiago Amaral) conta para Ot\u00e1vio que Manuela foi sequestrada. Regina encontra Manuela desmaiada no quarto, ap\u00f3s um longo jejum. Fiorina vai at\u00e9 a casa de Nina e flagra o marido Giuseppe com a av\u00f3 de Manuela. O italiano estava apenas conversando com os familiares da garota para ajud\u00e1-los.<\/p>\n<p>(*) edi\u00e7\u00e3o do SBT, Novela \u201cC\u00famplices de um Resgate\u201d, sujeito a altera\u00e7\u00e3o de data e conte\u00fado.<\/p>\n","protected":false},"excerpt":{"rendered":"<p>Resumo novela \u201cC\u00famplices de um Resgate\u201d 13\/03 : no cap\u00edtulo 048(*) da novela, quarta-feira, 13 de mar\u00e7o, as crian\u00e7as n\u00e3o entendem Meire, que ap\u00f3s acordar do desmaio diz que viu o esp\u00edrito de Flora. Regina discute com Marina e diz que ela n\u00e3o \u00e9 de confian\u00e7a. A megera tranca Marina no quarto dela. Isabela tenta [&hellip;]<\/p>\n","protected":false},"author":4,"featured_media":164526,"comment_status":"open","ping_status":"closed","sticky":false,"template":"","format":"standard","meta":{"tdm_status":"","tdm_grid_status":"","footnotes":""},"categories":[379,372,343],"tags":[441],"class_list":{"0":"post-171847","1":"post","2":"type-post","3":"status-publish","4":"format-standard","5":"has-post-thumbnail","7":"category-novelas","8":"category-sbt","9":"category-televisao","10":"tag-resumo-do-dia"},"_links":{"self":[{"href":"https:\/\/migracao.redenoticia.com.br\/noticia\/wp-json\/wp\/v2\/posts\/171847","targetHints":{"allow":["GET"]}}],"collection":[{"href":"https:\/\/migracao.redenoticia.com.br\/noticia\/wp-json\/wp\/v2\/posts"}],"about":[{"href":"https:\/\/migracao.redenoticia.com.br\/noticia\/wp-json\/wp\/v2\/types\/post"}],"author":[{"embeddable":true,"href":"https:\/\/migracao.redenoticia.com.br\/noticia\/wp-json\/wp\/v2\/users\/4"}],"replies":[{"embeddable":true,"href":"https:\/\/migracao.redenoticia.com.br\/noticia\/wp-json\/wp\/v2\/comments?post=171847"}],"version-history":[{"count":0,"href":"https:\/\/migracao.redenoticia.com.br\/noticia\/wp-json\/wp\/v2\/posts\/171847\/revisions"}],"wp:featuredmedia":[{"embeddable":true,"href":"https:\/\/migracao.redenoticia.com.br\/noticia\/wp-json\/wp\/v2\/media\/164526"}],"wp:attachment":[{"href":"https:\/\/migracao.redenoticia.com.br\/noticia\/wp-json\/wp\/v2\/media?parent=171847"}],"wp:term":[{"taxonomy":"category","embeddable":true,"href":"https:\/\/migracao.redenoticia.com.br\/noticia\/wp-json\/wp\/v2\/categories?post=171847"},{"taxonomy":"post_tag","embeddable":true,"href":"https:\/\/migracao.redenoticia.com.br\/noticia\/wp-json\/wp\/v2\/tags?post=171847"}],"curies":[{"name":"wp","href":"https:\/\/api.w.org\/{rel}","templated":true}]}}